{"id":7032,"date":"2026-09-01T11:15:15","date_gmt":"2026-09-01T09:15:15","guid":{"rendered":"https:\/\/www.fcweissensee03.de\/V2\/?p=7032"},"modified":"2026-09-01T11:18:22","modified_gmt":"2026-09-01T09:18:22","slug":"die-ah-des-fc-wsee-ohne-chance-in-soemmerda","status":"publish","type":"post","link":"https:\/\/www.fcweissensee03.de\/V2\/2026\/09\/01\/die-ah-des-fc-wsee-ohne-chance-in-soemmerda\/","title":{"rendered":"Die AH des FC W\u00b4see ohne Chance in S\u00f6mmerda"},"content":{"rendered":"\n<p>Am Freitag, den 28.08.2026, kam es zum traditionellen Spiel zwischen FSV 76 S\u00f6mmerda und unserem Team auf dem Kunstrasenplatz im Kurt-Neubert-Sportpark in S\u00f6mmerda.<\/p>\n\n\n\n<p><br>Aufgrund personeller Probleme (wir konnten nur mit 7 Mann anreisen) wurden auf \u201eVerk\u00fcrzten Gro\u00dffeld\u201c gespielt.<br>S\u00f6mmerda \u00fcbernahm von Beginn an die Initiative und setzte Wei\u00dfensee gewaltig unter Druck.<br>Dank eines sehr gut aufgelegten Jan Rohrigs im Tor und seiner leidenschaftlich k\u00e4mpfenden Vorderleute stand es zur Halbzeit lediglich 1:0 f\u00fcr S\u00f6mmerda. Wei\u00dfensee gelang es jedoch auch Nadelstiche zu setzen, so dass bei zwei Gro\u00dfchancen durch Lars Fabian durchaus auch ein Tor m\u00f6glich war. Doch der Jubilar (50. Geburtstag) im Tor des FSV 76, Maik Schmidt, war auf dem Posten und verhinderte den Ausgleich.<br>In der 2. Halbzeit erh\u00f6hte S\u00f6mmerda den Druck und kam folgerichtig zu weiteren, sch\u00f6n heraus gespielten Treffern.<br>Wei\u00dfensee gingen langsam die Kr\u00e4fte aus und man war am Ende gar nicht so ungl\u00fccklich, dass der gut leitende Schiedsrichter Uwe B\u00fcchner die Partie ca. 10 Minuten vor Ende beim Stand von 4 : 0, aufgrund eines Unwetters abbrechen musste.<\/p>\n\n\n\n<p><br>Gute Besserung w\u00fcnschen wir an dieser Stelle Lars H\u00f6rning, der sich bei einer Aktion schwer verletzte.<\/p>\n\n\n\n<p><br>Nach dem Spiel kam es dann noch zum geselligen Beisammensein mit Bratwurst und Kaltgetr\u00e4nk im S\u00f6mmerdaer Vereinsraum, wo man das Saisoner\u00f6ffnungsspiel der Bundesliga zwischen M\u00fcnchen und Stuttgart verfolgen konnte.<\/p>\n\n\n\n<p><br>Der FC W\u00b4see 03 spielte mit: Jan Rohrig, Alex Becker, Christopher Metz, Tobias Hoffmann, Daniel Polster, Lars Fabian, Bernd Spitzbarth und Daniel G\u00f6ttlicher.<\/p>\n\n\n\n<figure class=\"wp-block-gallery has-nested-images columns-default is-cropped wp-block-gallery-1 is-layout-flex wp-block-gallery-is-layout-flex\">\n<figure class=\"wp-block-image size-large\"><img loading=\"lazy\" decoding=\"async\" width=\"1024\" height=\"768\" data-id=\"7038\" src=\"https:\/\/www.fcweissensee03.de\/V2\/wp-content\/uploads\/2026\/09\/WhatsApp-Image-2026-08-31-at-16.11.13-1-1024x768.jpeg\" alt=\"\" class=\"wp-image-7038\" srcset=\"https:\/\/www.fcweissensee03.de\/V2\/wp-content\/uploads\/2026\/09\/WhatsApp-Image-2026-08-31-at-16.11.13-1-1024x768.jpeg 1024w, https:\/\/www.fcweissensee03.de\/V2\/wp-content\/uploads\/2026\/09\/WhatsApp-Image-2026-08-31-at-16.11.13-1-300x225.jpeg 300w, https:\/\/www.fcweissensee03.de\/V2\/wp-content\/uploads\/2026\/09\/WhatsApp-Image-2026-08-31-at-16.11.13-1-768x576.jpeg 768w, https:\/\/www.fcweissensee03.de\/V2\/wp-content\/uploads\/2026\/09\/WhatsApp-Image-2026-08-31-at-16.11.13-1-1536x1152.jpeg 1536w, https:\/\/www.fcweissensee03.de\/V2\/wp-content\/uploads\/2026\/09\/WhatsApp-Image-2026-08-31-at-16.11.13-1-1440x1080.jpeg 1440w, https:\/\/www.fcweissensee03.de\/V2\/wp-content\/uploads\/2026\/09\/WhatsApp-Image-2026-08-31-at-16.11.13-1.jpeg 1600w\" sizes=\"(max-width: 1024px) 100vw, 1024px\" \/><\/figure>\n\n\n\n<figure class=\"wp-block-image size-large\"><img loading=\"lazy\" decoding=\"async\" width=\"1024\" height=\"768\" data-id=\"7040\" src=\"https:\/\/www.fcweissensee03.de\/V2\/wp-content\/uploads\/2026\/09\/WhatsApp-Image-2026-08-31-at-16.11.13-1024x768.jpeg\" alt=\"\" class=\"wp-image-7040\" srcset=\"https:\/\/www.fcweissensee03.de\/V2\/wp-content\/uploads\/2026\/09\/WhatsApp-Image-2026-08-31-at-16.11.13-1024x768.jpeg 1024w, https:\/\/www.fcweissensee03.de\/V2\/wp-content\/uploads\/2026\/09\/WhatsApp-Image-2026-08-31-at-16.11.13-300x225.jpeg 300w, https:\/\/www.fcweissensee03.de\/V2\/wp-content\/uploads\/2026\/09\/WhatsApp-Image-2026-08-31-at-16.11.13-768x576.jpeg 768w, https:\/\/www.fcweissensee03.de\/V2\/wp-content\/uploads\/2026\/09\/WhatsApp-Image-2026-08-31-at-16.11.13-1536x1152.jpeg 1536w, https:\/\/www.fcweissensee03.de\/V2\/wp-content\/uploads\/2026\/09\/WhatsApp-Image-2026-08-31-at-16.11.13-1440x1080.jpeg 1440w, https:\/\/www.fcweissensee03.de\/V2\/wp-content\/uploads\/2026\/09\/WhatsApp-Image-2026-08-31-at-16.11.13.jpeg 1600w\" sizes=\"(max-width: 1024px) 100vw, 1024px\" \/><\/figure>\n\n\n\n<figure class=\"wp-block-image size-large\"><img loading=\"lazy\" decoding=\"async\" width=\"1024\" height=\"768\" data-id=\"7041\" src=\"https:\/\/www.fcweissensee03.de\/V2\/wp-content\/uploads\/2026\/09\/WhatsApp-Image-2026-08-31-at-16.11.14-1-1024x768.jpeg\" alt=\"\" class=\"wp-image-7041\" srcset=\"https:\/\/www.fcweissensee03.de\/V2\/wp-content\/uploads\/2026\/09\/WhatsApp-Image-2026-08-31-at-16.11.14-1-1024x768.jpeg 1024w, https:\/\/www.fcweissensee03.de\/V2\/wp-content\/uploads\/2026\/09\/WhatsApp-Image-2026-08-31-at-16.11.14-1-300x225.jpeg 300w, https:\/\/www.fcweissensee03.de\/V2\/wp-content\/uploads\/2026\/09\/WhatsApp-Image-2026-08-31-at-16.11.14-1-768x576.jpeg 768w, https:\/\/www.fcweissensee03.de\/V2\/wp-content\/uploads\/2026\/09\/WhatsApp-Image-2026-08-31-at-16.11.14-1-1536x1152.jpeg 1536w, https:\/\/www.fcweissensee03.de\/V2\/wp-content\/uploads\/2026\/09\/WhatsApp-Image-2026-08-31-at-16.11.14-1-1440x1080.jpeg 1440w, https:\/\/www.fcweissensee03.de\/V2\/wp-content\/uploads\/2026\/09\/WhatsApp-Image-2026-08-31-at-16.11.14-1.jpeg 1600w\" sizes=\"(max-width: 1024px) 100vw, 1024px\" \/><\/figure>\n\n\n\n<figure class=\"wp-block-image size-large\"><img loading=\"lazy\" decoding=\"async\" width=\"1024\" height=\"768\" data-id=\"7039\" src=\"https:\/\/www.fcweissensee03.de\/V2\/wp-content\/uploads\/2026\/09\/WhatsApp-Image-2026-08-31-at-16.11.14-1024x768.jpeg\" alt=\"\" class=\"wp-image-7039\" srcset=\"https:\/\/www.fcweissensee03.de\/V2\/wp-content\/uploads\/2026\/09\/WhatsApp-Image-2026-08-31-at-16.11.14-1024x768.jpeg 1024w, https:\/\/www.fcweissensee03.de\/V2\/wp-content\/uploads\/2026\/09\/WhatsApp-Image-2026-08-31-at-16.11.14-300x225.jpeg 300w, https:\/\/www.fcweissensee03.de\/V2\/wp-content\/uploads\/2026\/09\/WhatsApp-Image-2026-08-31-at-16.11.14-768x576.jpeg 768w, https:\/\/www.fcweissensee03.de\/V2\/wp-content\/uploads\/2026\/09\/WhatsApp-Image-2026-08-31-at-16.11.14-1536x1152.jpeg 1536w, https:\/\/www.fcweissensee03.de\/V2\/wp-content\/uploads\/2026\/09\/WhatsApp-Image-2026-08-31-at-16.11.14-1440x1080.jpeg 1440w, https:\/\/www.fcweissensee03.de\/V2\/wp-content\/uploads\/2026\/09\/WhatsApp-Image-2026-08-31-at-16.11.14.jpeg 1600w\" sizes=\"(max-width: 1024px) 100vw, 1024px\" \/><\/figure>\n<\/figure>\n","protected":false},"excerpt":{"rendered":"<p>Am Freitag, den 28.08.2026, kam es zum traditionellen Spiel zwischen FSV 76 S\u00f6mmerda und unserem Team auf dem Kunstrasenplatz im Kurt-Neubert-Sportpark in S\u00f6mmerda. Aufgrund personeller Probleme (wir konnten nur mit 7 Mann anreisen) wurden auf \u201eVerk\u00fcrzten Gro\u00dffeld\u201c gespielt.S\u00f6mmerda \u00fcbernahm von Beginn an die Initiative und setzte Wei\u00dfensee gewaltig unter Druck.Dank eines sehr gut aufgelegten Jan [&hellip;]<\/p>\n","protected":false},"author":11,"featured_media":7033,"comment_status":"closed","ping_status":"open","sticky":false,"template":"","format":"standard","meta":{"saved_in_kubio":false,"footnotes":""},"categories":[1,74],"tags":[],"class_list":["post-7032","post","type-post","status-publish","format-standard","has-post-thumbnail","hentry","category-allgemein","category-alteherren"],"_links":{"self":[{"href":"https:\/\/www.fcweissensee03.de\/V2\/wp-json\/wp\/v2\/posts\/7032","targetHints":{"allow":["GET"]}}],"collection":[{"href":"https:\/\/www.fcweissensee03.de\/V2\/wp-json\/wp\/v2\/posts"}],"about":[{"href":"https:\/\/www.fcweissensee03.de\/V2\/wp-json\/wp\/v2\/types\/post"}],"author":[{"embeddable":true,"href":"https:\/\/www.fcweissensee03.de\/V2\/wp-json\/wp\/v2\/users\/11"}],"replies":[{"embeddable":true,"href":"https:\/\/www.fcweissensee03.de\/V2\/wp-json\/wp\/v2\/comments?post=7032"}],"version-history":[{"count":5,"href":"https:\/\/www.fcweissensee03.de\/V2\/wp-json\/wp\/v2\/posts\/7032\/revisions"}],"predecessor-version":[{"id":7042,"href":"https:\/\/www.fcweissensee03.de\/V2\/wp-json\/wp\/v2\/posts\/7032\/revisions\/7042"}],"wp:featuredmedia":[{"embeddable":true,"href":"https:\/\/www.fcweissensee03.de\/V2\/wp-json\/wp\/v2\/media\/7033"}],"wp:attachment":[{"href":"https:\/\/www.fcweissensee03.de\/V2\/wp-json\/wp\/v2\/media?parent=7032"}],"wp:term":[{"taxonomy":"category","embeddable":true,"href":"https:\/\/www.fcweissensee03.de\/V2\/wp-json\/wp\/v2\/categories?post=7032"},{"taxonomy":"post_tag","embeddable":true,"href":"https:\/\/www.fcweissensee03.de\/V2\/wp-json\/wp\/v2\/tags?post=7032"}],"curies":[{"name":"wp","href":"https:\/\/api.w.org\/{rel}","templated":true}]}}