{"id":6993,"date":"2026-04-23T11:13:57","date_gmt":"2026-04-23T09:13:57","guid":{"rendered":"https:\/\/www.fcweissensee03.de\/V2\/?p=6993"},"modified":"2026-04-23T11:13:57","modified_gmt":"2026-04-23T09:13:57","slug":"mission-waldretter-das-baumpflanzevent-mit-antenne-thueringenbaumpaten","status":"publish","type":"post","link":"https:\/\/www.fcweissensee03.de\/V2\/2026\/04\/23\/mission-waldretter-das-baumpflanzevent-mit-antenne-thueringenbaumpaten\/","title":{"rendered":"Mission Waldretter \u2013 das Baumpflanzevent mit ANTENNE TH\u00dcRINGENBAUMPATEN"},"content":{"rendered":"\n<p>Am 17.04.2026 war es nun endlich so weit. Die erste Pflanzaktion startete unter den Koordinaten 50\u00b033&#8217;32.6&#8243;N 11\u00b015&#8217;24.5&#8243;E,&nbsp;<a href=\"https:\/\/eur04.safelinks.protection.outlook.com\/?url=https%3A%2F%2Fwww.google.com%2Fmaps%2Fplace%2F50%25C2%25B033%2732.6%2522N%2B11%25C2%25B015%2724.5%2522E%2F%4050.559053%2C11.2542357%2C681m%2Fdata%3D!3m2!1e3!4b1!4m4!3m3!8m2!3d50.559053!4d11.256816%3Fentry%3Dttu%26g_ep%3DEgoyMDI2MDMyOS4wIKXMDSoASAFQAw%253D%253D&amp;data=05%7C02%7Cdollase%40audiomediaplus.de%7C04e3dbb6eb434b7186d508de8fd77a8a%7C9e3aff28a01d41649ac6c19ae9157791%7C0%7C0%7C639106352818737166%7CUnknown%7CTWFpbGZsb3d8eyJFbXB0eU1hcGkiOnRydWUsIlYiOiIwLjAuMDAwMCIsIlAiOiJXaW4zMiIsIkFOIjoiTWFpbCIsIldUIjoyfQ%3D%3D%7C0%7C%7C%7C&amp;sdata=so8T2vvZSyi8EXeqMstXV%2B1HMq58k4FWySdCIquwuq0%3D&amp;reserved=0\" target=\"_blank\" rel=\"noreferrer noopener\">Google Maps<\/a>.<\/p>\n\n\n\n<p>Unser Verein wurde hier von Reiner und B\u00e4rbel K\u00f6hler vertreten. Los ging es um halb zehn mit einer Einweisung und danach in kleinen Gruppen zur Pflanzaktion.<\/p>\n\n\n\n<p>Alle 300 B\u00e4ume zu pflanzen haben unser zwei nicht ganz geschafft. So wie wir erfahren konnten, war die Aktion doch ganz sch\u00f6n anstrengend und alle Mitwirkenden, hatten dann auch die Mittagssnacks redlich verdient.<\/p>\n\n\n\n<p>Der Vorstand des FC Wei\u00dfensee 03 e.V. bedankt sich nach einmal bei allen Mitgliedern und Sponsoren, die es m\u00f6glich gemacht haben, diese Aktion zu einem Erfolg werden zu lassen.<\/p>\n\n\n\n<p>Als Erinnerung wird in den n\u00e4chsten Tagen eine Tafel ausgehangen, auf der alle Baumpaten erw\u00e4hnt sind.<\/p>\n\n\n\n<p>Vielen Dank<\/p>\n\n\n\n<figure class=\"wp-block-image size-large\"><img loading=\"lazy\" decoding=\"async\" width=\"724\" height=\"1024\" src=\"https:\/\/www.fcweissensee03.de\/V2\/wp-content\/uploads\/2026\/04\/zusammen-haben-wir-die-300-Baumpaten-gefunden-pdf-724x1024.jpg\" alt=\"\" class=\"wp-image-6997\"\/><\/figure>\n\n\n\n<p><\/p>\n","protected":false},"excerpt":{"rendered":"<p>Am 17.04.2026 war es nun endlich so weit. Die erste Pflanzaktion startete unter den Koordinaten 50\u00b033&#8217;32.6&#8243;N 11\u00b015&#8217;24.5&#8243;E,&nbsp;Google Maps. Unser Verein wurde hier von Reiner und B\u00e4rbel K\u00f6hler vertreten. Los ging es um halb zehn mit einer Einweisung und danach in kleinen Gruppen zur Pflanzaktion. Alle 300 B\u00e4ume zu pflanzen haben unser zwei nicht ganz geschafft. [&hellip;]<\/p>\n","protected":false},"author":11,"featured_media":6995,"comment_status":"closed","ping_status":"open","sticky":false,"template":"","format":"standard","meta":{"saved_in_kubio":false,"footnotes":""},"categories":[1],"tags":[],"class_list":["post-6993","post","type-post","status-publish","format-standard","has-post-thumbnail","hentry","category-allgemein"],"_links":{"self":[{"href":"https:\/\/www.fcweissensee03.de\/V2\/wp-json\/wp\/v2\/posts\/6993","targetHints":{"allow":["GET"]}}],"collection":[{"href":"https:\/\/www.fcweissensee03.de\/V2\/wp-json\/wp\/v2\/posts"}],"about":[{"href":"https:\/\/www.fcweissensee03.de\/V2\/wp-json\/wp\/v2\/types\/post"}],"author":[{"embeddable":true,"href":"https:\/\/www.fcweissensee03.de\/V2\/wp-json\/wp\/v2\/users\/11"}],"replies":[{"embeddable":true,"href":"https:\/\/www.fcweissensee03.de\/V2\/wp-json\/wp\/v2\/comments?post=6993"}],"version-history":[{"count":2,"href":"https:\/\/www.fcweissensee03.de\/V2\/wp-json\/wp\/v2\/posts\/6993\/revisions"}],"predecessor-version":[{"id":6998,"href":"https:\/\/www.fcweissensee03.de\/V2\/wp-json\/wp\/v2\/posts\/6993\/revisions\/6998"}],"wp:featuredmedia":[{"embeddable":true,"href":"https:\/\/www.fcweissensee03.de\/V2\/wp-json\/wp\/v2\/media\/6995"}],"wp:attachment":[{"href":"https:\/\/www.fcweissensee03.de\/V2\/wp-json\/wp\/v2\/media?parent=6993"}],"wp:term":[{"taxonomy":"category","embeddable":true,"href":"https:\/\/www.fcweissensee03.de\/V2\/wp-json\/wp\/v2\/categories?post=6993"},{"taxonomy":"post_tag","embeddable":true,"href":"https:\/\/www.fcweissensee03.de\/V2\/wp-json\/wp\/v2\/tags?post=6993"}],"curies":[{"name":"wp","href":"https:\/\/api.w.org\/{rel}","templated":true}]}}