{"id":6944,"date":"2026-03-12T22:05:34","date_gmt":"2026-03-12T21:05:34","guid":{"rendered":"https:\/\/www.fcweissensee03.de\/V2\/?p=6944"},"modified":"2026-03-12T22:05:34","modified_gmt":"2026-03-12T21:05:34","slug":"sv-48-ostramondra-fc-weissensee-03","status":"publish","type":"post","link":"https:\/\/www.fcweissensee03.de\/V2\/2026\/03\/12\/sv-48-ostramondra-fc-weissensee-03\/","title":{"rendered":"SV 48 Ostramondra \u2013 FC Wei\u00dfensee 03"},"content":{"rendered":"\n<p>Nach dem intensiven Pokalfight stand f\u00fcr uns das n\u00e4chste Pflichtspiel an: das erste Punktspiel nach dem Achtelfinal-Einsatz \u2013 ausw\u00e4rts beim SV 48 Ostramondra. Der kleine, unebene Platz und ein willensstarker Gastgeber lie\u00dfen ein z\u00e4hes Spiel erwarten. Coach Nic Peter brachte die Mannschaft auf Betriebstemperatur und konnte auf einen spielstarken Kader zur\u00fcckgreifen. Trotzdem brauchten beide Teams ein paar Minuten, um sich auf dem Gel\u00e4uf zurechtzufinden \u2013 ein kontrolliertes Passspiel war nur schwer m\u00f6glich.<\/p>\n\n\n\n<p>Wir starteten ordentlich und erspielten uns fr\u00fch zwei gute M\u00f6glichkeiten: Zun\u00e4chst scheiterte&nbsp;<strong>Tom Schn\u00fcrer<\/strong>&nbsp;nach sch\u00f6ner Kombination am Torwart, wenig sp\u00e4ter ging ein Schuss von&nbsp;<strong>Constantin K\u00f6hler<\/strong>&nbsp;knapp \u00fcber das Tor. Ostramondra versteckte sich nicht und spielte mutig nach vorn, doch die meisten Abschl\u00fcsse waren sichere Beute von&nbsp;<strong>Tobias Tiffert<\/strong>&nbsp;oder verfehlten das Ziel. Mitte der ersten H\u00e4lfte setzte&nbsp;<strong>Toni K\u00f6hler<\/strong>&nbsp;ein Ausrufezeichen, sein wuchtiger Schuss krachte ans Lattenkreuz \u2013 da hat nicht viel gefehlt.<\/p>\n\n\n\n<p>Lange pl\u00e4tscherte die Partie im Mittelfeld dahin \u2013 bis kurz vor der Pause innerhalb weniger Minuten die Entscheidung fiel. In der&nbsp;<strong>41. Minute<\/strong>&nbsp;brachte eine scharfe Hereingabe die F\u00fchrung:&nbsp;<strong>Maslowski<\/strong>&nbsp;bugsierte den Ball ins eigene Netz \u2013 der Dosen\u00f6ffner. Nur eine Minute sp\u00e4ter folgte der n\u00e4chste Treffer: Ein langer Ball auf&nbsp;<strong>Constantin K\u00f6hler<\/strong>, der \u00fcber links Tempo aufnahm, die Abwehr \u00fcberlief und \u00fcberlegt ins lange Eck zum 2:0 einschob. Und es kam noch besser: Nach einem Foul im Strafraum zeigte der Schiedsrichter auf den Punkt.&nbsp;<strong>Ben G\u00e4nsler<\/strong>&nbsp;verwandelte den f\u00e4lligen Elfmeter sicher \u2013 mit einer&nbsp;<strong>3:0-F\u00fchrung<\/strong>&nbsp;ging es in die Halbzeit.<\/p>\n\n\n\n<p>Nach dem Wechsel spielten wir die Partie kontrolliert und souver\u00e4n herunter, setzten auf Konter und lie\u00dfen defensiv wenig zu. Ostramondra lief immer wieder an, doch&nbsp;<strong>Nils R\u00f6tting<\/strong>&nbsp;organisierte unsere Hintermannschaft mit viel \u00dcbersicht. In der&nbsp;<strong>63. Minute<\/strong>&nbsp;fiel dann das Tor des Tages: Nach einer Ecke nahm&nbsp;<strong>Chris Alperstedt<\/strong>&nbsp;den Ball direkt und h\u00e4mmerte ihn in den Winkel \u2013 4:0, damit war der Deckel drauf.<\/p>\n\n\n\n<p>In der Folge wechselte das Trainerteam durch und brachte frische Kr\u00e4fte. Geburtstagskind\u00a0<strong>Florian Brock<\/strong>\u00a0setzte sich mit viel K\u00f6rpereinsatz gegen mehrere Gegenspieler durch und traf zum 5:0 ins untere Eck. Ostramondra betrieb wenig sp\u00e4ter per Foulelfmeter noch Ergebniskosmetik:\u00a0<strong>Tobias Tiffert<\/strong>\u00a0ahnte die Ecke, war gegen den strammen Schuss von\u00a0<strong>Becker<\/strong> aber machtlos \u2013 5:1. In den letzten Minuten vergaben wir noch zwei gute M\u00f6glichkeiten, insgesamt war das Ergebnis dennoch leistungsgerecht, denn Ostramondra hielt vor allem in der ersten Halbzeit gut dagegen.<\/p>\n\n\n\n<p>Ein Lob auch an den unaufgeregten und souver\u00e4nen Unparteiischen Neumann. Nach Abpfiff bedanken wir uns beim Gastgeber au\u00dferdem f\u00fcr die Gastfreundschaft im Rahmen der Einweihung des neuen Vereinsheims \u2013 inklusive Freibier. Daf\u00fcr noch einmal herzlichen Dank und f\u00fcr die restliche Saison viel Erfolg!<\/p>\n\n\n\n<p><strong>Es spielten:<\/strong><\/p>\n\n\n\n<p>Tobias Tiffert\u00a0\u2013 Minh Nguyen,\u00a0Emil Neumann, Nils R\u00f6tting,\u00a0Thomas L\u00f6ser\u00a0(Paul M\u00fcller) \u2013 Toni K\u00f6hler (Colin Kruhm), Paul Neumann (Christian Schr\u00f6der), Chris Alperstedt, Constantin K\u00f6hler (Tohayourou Fofana), Ben G\u00e4nsler \u2013 Tom Schn\u00fcrer (Florian Brock)<\/p>\n\n\n\n<hr class=\"wp-block-separator has-alpha-channel-opacity\"\/>\n\n\n\n<h4 class=\"wp-block-heading\"><strong>Ausblick: Heimspiel gegen SG FSV S\u00f6mmerda III<\/strong><\/h4>\n\n\n\n<p>Am kommenden Wochenende wartet direkt das n\u00e4chste Highlight:<\/p>\n\n\n\n<p><strong>FC Wei\u00dfensee 03 \u2013 SG FSV S\u00f6mmerda III<\/strong><\/p>\n\n\n\n<p><strong>Samstag, 14:00 Uhr | Sportplatz Am Fischhof (Wei\u00dfensee)<\/strong><\/p>\n\n\n\n<p>Die G\u00e4ste reisen mit R\u00fcckenwind an: S\u00f6mmerda III gewann zuletzt gegen die SG FSV 06 K\u00f6lleda III mit 1:0 und steht mit\u00a0<strong>11 Punkten<\/strong>\u00a0im Tabellenmittelfeld. Wir gehen mit breiter Brust in das Heimspiel: Nach dem 5:1 in Ostramondra stehen wir weiterhin bei\u00a0<strong>30 Punkten<\/strong>\u00a0und haben alle bisherigen Punktspiele gewonnen. An unserer Defensive gibt es bislang kaum ein Vorbeikommen \u2013 erst\u00a0<strong>sieben Gegentreffer<\/strong>\u00a0musste der FC bisher hinnehmen. Und auch offensiv sind wir gef\u00e4hrlich: Im Schnitt fallen bei uns\u00a0<strong>mehr als f\u00fcnf Tore pro Spiel<\/strong>.<\/p>\n\n\n\n<p>Im Hinspiel gelang uns ein&nbsp;<strong>9:0-Kantersieg<\/strong>. Ob wir das im R\u00fcckspiel wiederholen k\u00f6nnen, wird sich zeigen \u2013 klar ist aber: S\u00f6mmerda III wird einen echten Sahnetag brauchen, um bei uns etwas Z\u00e4hlbares mitzunehmen.<\/p>\n\n\n\n<p><strong>Kommt an den Fischhof und unterst\u00fctzt uns!<\/strong>\u00a0\ud83d\udd35\u26aa\ufe0f<\/p>\n","protected":false},"excerpt":{"rendered":"<p>Nach dem intensiven Pokalfight stand f\u00fcr uns das n\u00e4chste Pflichtspiel an: das erste Punktspiel nach dem Achtelfinal-Einsatz \u2013 ausw\u00e4rts beim SV 48 Ostramondra. Der kleine, unebene Platz und ein willensstarker Gastgeber lie\u00dfen ein z\u00e4hes Spiel erwarten. Coach Nic Peter brachte die Mannschaft auf Betriebstemperatur und konnte auf einen spielstarken Kader zur\u00fcckgreifen. Trotzdem brauchten beide Teams [&hellip;]<\/p>\n","protected":false},"author":10,"featured_media":6945,"comment_status":"closed","ping_status":"open","sticky":false,"template":"","format":"standard","meta":{"saved_in_kubio":false,"footnotes":""},"categories":[14,75],"tags":[46,77,39,32],"class_list":["post-6944","post","type-post","status-publish","format-standard","has-post-thumbnail","hentry","category-herren","category-teams","tag-auswaertssieg","tag-herren","tag-maenner","tag-punktspiel"],"_links":{"self":[{"href":"https:\/\/www.fcweissensee03.de\/V2\/wp-json\/wp\/v2\/posts\/6944","targetHints":{"allow":["GET"]}}],"collection":[{"href":"https:\/\/www.fcweissensee03.de\/V2\/wp-json\/wp\/v2\/posts"}],"about":[{"href":"https:\/\/www.fcweissensee03.de\/V2\/wp-json\/wp\/v2\/types\/post"}],"author":[{"embeddable":true,"href":"https:\/\/www.fcweissensee03.de\/V2\/wp-json\/wp\/v2\/users\/10"}],"replies":[{"embeddable":true,"href":"https:\/\/www.fcweissensee03.de\/V2\/wp-json\/wp\/v2\/comments?post=6944"}],"version-history":[{"count":1,"href":"https:\/\/www.fcweissensee03.de\/V2\/wp-json\/wp\/v2\/posts\/6944\/revisions"}],"predecessor-version":[{"id":6946,"href":"https:\/\/www.fcweissensee03.de\/V2\/wp-json\/wp\/v2\/posts\/6944\/revisions\/6946"}],"wp:featuredmedia":[{"embeddable":true,"href":"https:\/\/www.fcweissensee03.de\/V2\/wp-json\/wp\/v2\/media\/6945"}],"wp:attachment":[{"href":"https:\/\/www.fcweissensee03.de\/V2\/wp-json\/wp\/v2\/media?parent=6944"}],"wp:term":[{"taxonomy":"category","embeddable":true,"href":"https:\/\/www.fcweissensee03.de\/V2\/wp-json\/wp\/v2\/categories?post=6944"},{"taxonomy":"post_tag","embeddable":true,"href":"https:\/\/www.fcweissensee03.de\/V2\/wp-json\/wp\/v2\/tags?post=6944"}],"curies":[{"name":"wp","href":"https:\/\/api.w.org\/{rel}","templated":true}]}}