{"id":6779,"date":"2025-12-05T07:53:29","date_gmt":"2025-12-05T06:53:29","guid":{"rendered":"https:\/\/www.fcweissensee03.de\/V2\/?p=6779"},"modified":"2026-01-14T11:44:26","modified_gmt":"2026-01-14T10:44:26","slug":"e1-on-tour","status":"publish","type":"post","link":"https:\/\/www.fcweissensee03.de\/V2\/2025\/12\/05\/e1-on-tour\/","title":{"rendered":"E1 on Tour"},"content":{"rendered":"\n<p>Fr\u00fchstart an der Ulme: Um&nbsp;<strong>07:00 Uhr<\/strong>&nbsp;traf sich unsere&nbsp;<strong>E1-Jugend<\/strong>&nbsp;und machte sich standesgem\u00e4\u00df im <strong>Mannschaftsbus<\/strong> auf den Weg nach Dortmund. Nach&nbsp;<strong>3 Stunden und 22 Minuten<\/strong>&nbsp;Fahrt erreichten wir das <strong>Deutsche Fu\u00dfballmuseum<\/strong>&nbsp;\u2013 die Vorfreude war riesig. Mit an Bord waren&nbsp;<strong>Theo, Rafael, Sebastian, Luca, Henri, Bruno, Ben<\/strong>&nbsp;und&nbsp;<strong>Fiete<\/strong>&nbsp;(sowie die Begleitung aus dem Trainerteam).<\/p>\n\n\n\n<figure class=\"wp-block-gallery has-nested-images columns-default is-cropped wp-block-gallery-1 is-layout-flex wp-block-gallery-is-layout-flex\">\n<figure class=\"wp-block-image size-large\"><img loading=\"lazy\" decoding=\"async\" width=\"1024\" height=\"768\" data-id=\"6801\" src=\"https:\/\/www.fcweissensee03.de\/V2\/wp-content\/uploads\/2025\/12\/8ce8c128-21ac-43a1-b029-24331598b6a2-1024x768.jpeg\" alt=\"\" class=\"wp-image-6801\" srcset=\"https:\/\/www.fcweissensee03.de\/V2\/wp-content\/uploads\/2025\/12\/8ce8c128-21ac-43a1-b029-24331598b6a2-1024x768.jpeg 1024w, https:\/\/www.fcweissensee03.de\/V2\/wp-content\/uploads\/2025\/12\/8ce8c128-21ac-43a1-b029-24331598b6a2-300x225.jpeg 300w, https:\/\/www.fcweissensee03.de\/V2\/wp-content\/uploads\/2025\/12\/8ce8c128-21ac-43a1-b029-24331598b6a2-768x576.jpeg 768w, https:\/\/www.fcweissensee03.de\/V2\/wp-content\/uploads\/2025\/12\/8ce8c128-21ac-43a1-b029-24331598b6a2-1536x1152.jpeg 1536w, https:\/\/www.fcweissensee03.de\/V2\/wp-content\/uploads\/2025\/12\/8ce8c128-21ac-43a1-b029-24331598b6a2-1440x1080.jpeg 1440w, https:\/\/www.fcweissensee03.de\/V2\/wp-content\/uploads\/2025\/12\/8ce8c128-21ac-43a1-b029-24331598b6a2.jpeg 2048w\" sizes=\"(max-width: 1024px) 100vw, 1024px\" \/><\/figure>\n\n\n\n<figure class=\"wp-block-image size-large\"><img loading=\"lazy\" decoding=\"async\" width=\"1024\" height=\"768\" data-id=\"6800\" src=\"https:\/\/www.fcweissensee03.de\/V2\/wp-content\/uploads\/2025\/12\/7c25cc71-0d58-4fd8-a8c0-cae801e89c64-1024x768.jpeg\" alt=\"\" class=\"wp-image-6800\" srcset=\"https:\/\/www.fcweissensee03.de\/V2\/wp-content\/uploads\/2025\/12\/7c25cc71-0d58-4fd8-a8c0-cae801e89c64-1024x768.jpeg 1024w, https:\/\/www.fcweissensee03.de\/V2\/wp-content\/uploads\/2025\/12\/7c25cc71-0d58-4fd8-a8c0-cae801e89c64-300x225.jpeg 300w, https:\/\/www.fcweissensee03.de\/V2\/wp-content\/uploads\/2025\/12\/7c25cc71-0d58-4fd8-a8c0-cae801e89c64-768x576.jpeg 768w, https:\/\/www.fcweissensee03.de\/V2\/wp-content\/uploads\/2025\/12\/7c25cc71-0d58-4fd8-a8c0-cae801e89c64-1536x1152.jpeg 1536w, https:\/\/www.fcweissensee03.de\/V2\/wp-content\/uploads\/2025\/12\/7c25cc71-0d58-4fd8-a8c0-cae801e89c64-1440x1080.jpeg 1440w, https:\/\/www.fcweissensee03.de\/V2\/wp-content\/uploads\/2025\/12\/7c25cc71-0d58-4fd8-a8c0-cae801e89c64.jpeg 2048w\" sizes=\"(max-width: 1024px) 100vw, 1024px\" \/><\/figure>\n\n\n\n<figure class=\"wp-block-image size-large\"><img loading=\"lazy\" decoding=\"async\" width=\"768\" height=\"1024\" data-id=\"6799\" src=\"https:\/\/www.fcweissensee03.de\/V2\/wp-content\/uploads\/2025\/12\/04ff9613-0380-47f5-b3bf-7be7a7e3acd5-768x1024.jpeg\" alt=\"\" class=\"wp-image-6799\" srcset=\"https:\/\/www.fcweissensee03.de\/V2\/wp-content\/uploads\/2025\/12\/04ff9613-0380-47f5-b3bf-7be7a7e3acd5-768x1024.jpeg 768w, https:\/\/www.fcweissensee03.de\/V2\/wp-content\/uploads\/2025\/12\/04ff9613-0380-47f5-b3bf-7be7a7e3acd5-225x300.jpeg 225w, https:\/\/www.fcweissensee03.de\/V2\/wp-content\/uploads\/2025\/12\/04ff9613-0380-47f5-b3bf-7be7a7e3acd5-1152x1536.jpeg 1152w, https:\/\/www.fcweissensee03.de\/V2\/wp-content\/uploads\/2025\/12\/04ff9613-0380-47f5-b3bf-7be7a7e3acd5-810x1080.jpeg 810w, https:\/\/www.fcweissensee03.de\/V2\/wp-content\/uploads\/2025\/12\/04ff9613-0380-47f5-b3bf-7be7a7e3acd5.jpeg 1200w\" sizes=\"(max-width: 768px) 100vw, 768px\" \/><\/figure>\n<\/figure>\n\n\n\n<p>Nach dem obligatorischen&nbsp;<strong>Gruppenfoto<\/strong>&nbsp;ging\u2019s erst einmal auf den&nbsp;<strong>Soccer-Court<\/strong>&nbsp;\u2013 auspowern, warm werden, lachen. Dank einer Vereinsaktion war der&nbsp;<strong>Eintritt f\u00fcr Vereine kostenlos<\/strong>, sodass wir uns ganz auf das Erlebnis konzentrieren konnten. Anschlie\u00dfend tauchten wir f\u00fcr&nbsp;<strong>4,5 Stunden<\/strong>&nbsp;in die Fu\u00dfballwelt ein: interaktive Stationen, Geschichten, Exponate und viele \u201eWow\u201c-Momente \u2013&nbsp;<strong>ein wirklich gutes Museum<\/strong>, das die Kinder (und auch die Gro\u00dfen) begeistert hat. Und weil man vom Schauen allein nicht m\u00fcde wird, gab\u2019s danach noch eine&nbsp;<strong>zweite Soccer-Einheit<\/strong>, um wieder \u201efit f\u00fcr die Heimreise\u201c zu sein. \ud83d\ude09<\/p>\n\n\n\n<figure class=\"wp-block-gallery has-nested-images columns-default is-cropped wp-block-gallery-2 is-layout-flex wp-block-gallery-is-layout-flex\">\n<figure class=\"wp-block-image size-large\"><img loading=\"lazy\" decoding=\"async\" width=\"1024\" height=\"768\" data-id=\"6796\" src=\"https:\/\/www.fcweissensee03.de\/V2\/wp-content\/uploads\/2025\/12\/afd08f3c-06a1-4c6e-a009-c06d6fbba1a1-1024x768.jpeg\" alt=\"\" class=\"wp-image-6796\" srcset=\"https:\/\/www.fcweissensee03.de\/V2\/wp-content\/uploads\/2025\/12\/afd08f3c-06a1-4c6e-a009-c06d6fbba1a1-1024x768.jpeg 1024w, https:\/\/www.fcweissensee03.de\/V2\/wp-content\/uploads\/2025\/12\/afd08f3c-06a1-4c6e-a009-c06d6fbba1a1-300x225.jpeg 300w, https:\/\/www.fcweissensee03.de\/V2\/wp-content\/uploads\/2025\/12\/afd08f3c-06a1-4c6e-a009-c06d6fbba1a1-768x576.jpeg 768w, https:\/\/www.fcweissensee03.de\/V2\/wp-content\/uploads\/2025\/12\/afd08f3c-06a1-4c6e-a009-c06d6fbba1a1-1536x1152.jpeg 1536w, https:\/\/www.fcweissensee03.de\/V2\/wp-content\/uploads\/2025\/12\/afd08f3c-06a1-4c6e-a009-c06d6fbba1a1-1440x1080.jpeg 1440w, https:\/\/www.fcweissensee03.de\/V2\/wp-content\/uploads\/2025\/12\/afd08f3c-06a1-4c6e-a009-c06d6fbba1a1.jpeg 2040w\" sizes=\"(max-width: 1024px) 100vw, 1024px\" \/><\/figure>\n\n\n\n<figure class=\"wp-block-image size-large\"><img loading=\"lazy\" decoding=\"async\" width=\"1024\" height=\"768\" data-id=\"6793\" src=\"https:\/\/www.fcweissensee03.de\/V2\/wp-content\/uploads\/2025\/12\/b47a8f17-12f6-4143-8b61-2bc0be1f86d0-1024x768.jpeg\" alt=\"\" class=\"wp-image-6793\" srcset=\"https:\/\/www.fcweissensee03.de\/V2\/wp-content\/uploads\/2025\/12\/b47a8f17-12f6-4143-8b61-2bc0be1f86d0-1024x768.jpeg 1024w, https:\/\/www.fcweissensee03.de\/V2\/wp-content\/uploads\/2025\/12\/b47a8f17-12f6-4143-8b61-2bc0be1f86d0-300x225.jpeg 300w, https:\/\/www.fcweissensee03.de\/V2\/wp-content\/uploads\/2025\/12\/b47a8f17-12f6-4143-8b61-2bc0be1f86d0-768x576.jpeg 768w, https:\/\/www.fcweissensee03.de\/V2\/wp-content\/uploads\/2025\/12\/b47a8f17-12f6-4143-8b61-2bc0be1f86d0-1536x1152.jpeg 1536w, https:\/\/www.fcweissensee03.de\/V2\/wp-content\/uploads\/2025\/12\/b47a8f17-12f6-4143-8b61-2bc0be1f86d0-1440x1080.jpeg 1440w, https:\/\/www.fcweissensee03.de\/V2\/wp-content\/uploads\/2025\/12\/b47a8f17-12f6-4143-8b61-2bc0be1f86d0.jpeg 2040w\" sizes=\"(max-width: 1024px) 100vw, 1024px\" \/><\/figure>\n\n\n\n<figure class=\"wp-block-image size-large\"><img loading=\"lazy\" decoding=\"async\" width=\"1024\" height=\"768\" data-id=\"6792\" src=\"https:\/\/www.fcweissensee03.de\/V2\/wp-content\/uploads\/2025\/12\/3a534f5e-44fd-4a3b-9067-66e00418dbbc-1024x768.jpeg\" alt=\"\" class=\"wp-image-6792\" srcset=\"https:\/\/www.fcweissensee03.de\/V2\/wp-content\/uploads\/2025\/12\/3a534f5e-44fd-4a3b-9067-66e00418dbbc-1024x768.jpeg 1024w, https:\/\/www.fcweissensee03.de\/V2\/wp-content\/uploads\/2025\/12\/3a534f5e-44fd-4a3b-9067-66e00418dbbc-300x225.jpeg 300w, https:\/\/www.fcweissensee03.de\/V2\/wp-content\/uploads\/2025\/12\/3a534f5e-44fd-4a3b-9067-66e00418dbbc-768x576.jpeg 768w, https:\/\/www.fcweissensee03.de\/V2\/wp-content\/uploads\/2025\/12\/3a534f5e-44fd-4a3b-9067-66e00418dbbc-1536x1152.jpeg 1536w, https:\/\/www.fcweissensee03.de\/V2\/wp-content\/uploads\/2025\/12\/3a534f5e-44fd-4a3b-9067-66e00418dbbc-1440x1080.jpeg 1440w, https:\/\/www.fcweissensee03.de\/V2\/wp-content\/uploads\/2025\/12\/3a534f5e-44fd-4a3b-9067-66e00418dbbc.jpeg 1600w\" sizes=\"(max-width: 1024px) 100vw, 1024px\" \/><\/figure>\n<\/figure>\n\n\n\n<p>Auf dem R\u00fcckweg haben wir die&nbsp;<strong>Gemeinschaftskasse<\/strong>&nbsp;gepl\u00fcndert und bei&nbsp;<strong>McDonald\u2019s<\/strong>&nbsp;gemeinsam zu Abend gegessen \u2013 perfekte Abrundung eines langen, gl\u00fccklichen Fu\u00dfballtages. Um&nbsp;<strong>19:00 Uhr<\/strong>&nbsp;rollte der Bus wieder an der&nbsp;<strong>Ulmenallee<\/strong>&nbsp;ein.&nbsp;<strong>Alle Kinder kamen begeistert zur\u00fcck<\/strong>&nbsp;und hatten jede Menge zu erz\u00e4hlen. Schade nur, dass ein paar Kids diesmal nicht dabei sein konnten \u2013 ihr wurdet vermisst, und beim n\u00e4chsten Mal seid ihr hoffentlich wieder mit an Bord!<\/p>\n\n\n\n<figure class=\"wp-block-gallery has-nested-images columns-default is-cropped wp-block-gallery-3 is-layout-flex wp-block-gallery-is-layout-flex\">\n<figure class=\"wp-block-image size-large\"><img loading=\"lazy\" decoding=\"async\" width=\"576\" height=\"1024\" data-id=\"6791\" src=\"https:\/\/www.fcweissensee03.de\/V2\/wp-content\/uploads\/2025\/12\/289ef611-c6af-4393-b16f-f217204c5f01-576x1024.jpeg\" alt=\"\" class=\"wp-image-6791\" srcset=\"https:\/\/www.fcweissensee03.de\/V2\/wp-content\/uploads\/2025\/12\/289ef611-c6af-4393-b16f-f217204c5f01-576x1024.jpeg 576w, https:\/\/www.fcweissensee03.de\/V2\/wp-content\/uploads\/2025\/12\/289ef611-c6af-4393-b16f-f217204c5f01-169x300.jpeg 169w, https:\/\/www.fcweissensee03.de\/V2\/wp-content\/uploads\/2025\/12\/289ef611-c6af-4393-b16f-f217204c5f01-768x1365.jpeg 768w, https:\/\/www.fcweissensee03.de\/V2\/wp-content\/uploads\/2025\/12\/289ef611-c6af-4393-b16f-f217204c5f01-864x1536.jpeg 864w, https:\/\/www.fcweissensee03.de\/V2\/wp-content\/uploads\/2025\/12\/289ef611-c6af-4393-b16f-f217204c5f01-608x1080.jpeg 608w, https:\/\/www.fcweissensee03.de\/V2\/wp-content\/uploads\/2025\/12\/289ef611-c6af-4393-b16f-f217204c5f01.jpeg 1080w\" sizes=\"(max-width: 576px) 100vw, 576px\" \/><\/figure>\n\n\n\n<figure class=\"wp-block-image size-large\"><img loading=\"lazy\" decoding=\"async\" width=\"768\" height=\"1024\" data-id=\"6789\" src=\"https:\/\/www.fcweissensee03.de\/V2\/wp-content\/uploads\/2025\/12\/2adca74c-6cfb-4e52-9731-9007f3278e88-768x1024.jpeg\" alt=\"\" class=\"wp-image-6789\" srcset=\"https:\/\/www.fcweissensee03.de\/V2\/wp-content\/uploads\/2025\/12\/2adca74c-6cfb-4e52-9731-9007f3278e88-768x1024.jpeg 768w, https:\/\/www.fcweissensee03.de\/V2\/wp-content\/uploads\/2025\/12\/2adca74c-6cfb-4e52-9731-9007f3278e88-225x300.jpeg 225w, https:\/\/www.fcweissensee03.de\/V2\/wp-content\/uploads\/2025\/12\/2adca74c-6cfb-4e52-9731-9007f3278e88-1152x1536.jpeg 1152w, https:\/\/www.fcweissensee03.de\/V2\/wp-content\/uploads\/2025\/12\/2adca74c-6cfb-4e52-9731-9007f3278e88-810x1080.jpeg 810w, https:\/\/www.fcweissensee03.de\/V2\/wp-content\/uploads\/2025\/12\/2adca74c-6cfb-4e52-9731-9007f3278e88.jpeg 1530w\" sizes=\"(max-width: 768px) 100vw, 768px\" \/><\/figure>\n\n\n\n<figure class=\"wp-block-image size-large\"><img loading=\"lazy\" decoding=\"async\" width=\"1024\" height=\"768\" data-id=\"6788\" src=\"https:\/\/www.fcweissensee03.de\/V2\/wp-content\/uploads\/2025\/12\/39197542-94d0-449b-98cd-fe21a12ef3a5-1024x768.jpeg\" alt=\"\" class=\"wp-image-6788\" srcset=\"https:\/\/www.fcweissensee03.de\/V2\/wp-content\/uploads\/2025\/12\/39197542-94d0-449b-98cd-fe21a12ef3a5-1024x768.jpeg 1024w, https:\/\/www.fcweissensee03.de\/V2\/wp-content\/uploads\/2025\/12\/39197542-94d0-449b-98cd-fe21a12ef3a5-300x225.jpeg 300w, https:\/\/www.fcweissensee03.de\/V2\/wp-content\/uploads\/2025\/12\/39197542-94d0-449b-98cd-fe21a12ef3a5-768x576.jpeg 768w, https:\/\/www.fcweissensee03.de\/V2\/wp-content\/uploads\/2025\/12\/39197542-94d0-449b-98cd-fe21a12ef3a5-1536x1152.jpeg 1536w, https:\/\/www.fcweissensee03.de\/V2\/wp-content\/uploads\/2025\/12\/39197542-94d0-449b-98cd-fe21a12ef3a5-1440x1080.jpeg 1440w, https:\/\/www.fcweissensee03.de\/V2\/wp-content\/uploads\/2025\/12\/39197542-94d0-449b-98cd-fe21a12ef3a5.jpeg 1600w\" sizes=\"(max-width: 1024px) 100vw, 1024px\" \/><\/figure>\n<\/figure>\n\n\n\n<p>Ein gro\u00dfer Dank an alle, die den Ausflug m\u00f6glich gemacht und begleitet haben \u2013 f\u00fcr Organisation, Fahrdienst, Verpflegung, gute Laune und Teamgeist. Besonderer Dank gilt an dieser Stelle auch dem Trainerteam um Ricky f\u00fcr die Initiative \ud83d\udc99\u26bd\ufe0f<\/p>\n\n\n\n<p><\/p>\n","protected":false},"excerpt":{"rendered":"<p>Fr\u00fchstart an der Ulme: Um&nbsp;07:00 Uhr&nbsp;traf sich unsere&nbsp;E1-Jugend&nbsp;und machte sich standesgem\u00e4\u00df im Mannschaftsbus auf den Weg nach Dortmund. Nach&nbsp;3 Stunden und 22 Minuten&nbsp;Fahrt erreichten wir das Deutsche Fu\u00dfballmuseum&nbsp;\u2013 die Vorfreude war riesig. Mit an Bord waren&nbsp;Theo, Rafael, Sebastian, Luca, Henri, Bruno, Ben&nbsp;und&nbsp;Fiete&nbsp;(sowie die Begleitung aus dem Trainerteam). Nach dem obligatorischen&nbsp;Gruppenfoto&nbsp;ging\u2019s erst einmal auf den&nbsp;Soccer-Court&nbsp;\u2013 auspowern, [&hellip;]<\/p>\n","protected":false},"author":10,"featured_media":6797,"comment_status":"closed","ping_status":"open","sticky":false,"template":"","format":"standard","meta":{"saved_in_kubio":false,"footnotes":""},"categories":[1,17,72],"tags":[90,91],"class_list":["post-6779","post","type-post","status-publish","format-standard","has-post-thumbnail","hentry","category-allgemein","category-e-jugend","category-jugend","tag-ausflug","tag-junioren"],"_links":{"self":[{"href":"https:\/\/www.fcweissensee03.de\/V2\/wp-json\/wp\/v2\/posts\/6779","targetHints":{"allow":["GET"]}}],"collection":[{"href":"https:\/\/www.fcweissensee03.de\/V2\/wp-json\/wp\/v2\/posts"}],"about":[{"href":"https:\/\/www.fcweissensee03.de\/V2\/wp-json\/wp\/v2\/types\/post"}],"author":[{"embeddable":true,"href":"https:\/\/www.fcweissensee03.de\/V2\/wp-json\/wp\/v2\/users\/10"}],"replies":[{"embeddable":true,"href":"https:\/\/www.fcweissensee03.de\/V2\/wp-json\/wp\/v2\/comments?post=6779"}],"version-history":[{"count":4,"href":"https:\/\/www.fcweissensee03.de\/V2\/wp-json\/wp\/v2\/posts\/6779\/revisions"}],"predecessor-version":[{"id":6847,"href":"https:\/\/www.fcweissensee03.de\/V2\/wp-json\/wp\/v2\/posts\/6779\/revisions\/6847"}],"wp:featuredmedia":[{"embeddable":true,"href":"https:\/\/www.fcweissensee03.de\/V2\/wp-json\/wp\/v2\/media\/6797"}],"wp:attachment":[{"href":"https:\/\/www.fcweissensee03.de\/V2\/wp-json\/wp\/v2\/media?parent=6779"}],"wp:term":[{"taxonomy":"category","embeddable":true,"href":"https:\/\/www.fcweissensee03.de\/V2\/wp-json\/wp\/v2\/categories?post=6779"},{"taxonomy":"post_tag","embeddable":true,"href":"https:\/\/www.fcweissensee03.de\/V2\/wp-json\/wp\/v2\/tags?post=6779"}],"curies":[{"name":"wp","href":"https:\/\/api.w.org\/{rel}","templated":true}]}}