{"id":6774,"date":"2025-12-04T12:35:28","date_gmt":"2025-12-04T11:35:28","guid":{"rendered":"https:\/\/www.fcweissensee03.de\/V2\/?p=6774"},"modified":"2025-12-04T12:35:28","modified_gmt":"2025-12-04T11:35:28","slug":"rueckblick-mit-verspaetung","status":"publish","type":"post","link":"https:\/\/www.fcweissensee03.de\/V2\/2025\/12\/04\/rueckblick-mit-verspaetung\/","title":{"rendered":"R\u00fcckblick mit Versp\u00e4tung"},"content":{"rendered":"\n<p>Mit etwas Versp\u00e4tung reichen wir den R\u00fcckblick auf das Testspiel unserer C-Junioren vom 19. Oktober nach \u2013 und verbinden ihn mit gro\u00dfem Dank an alle Unterst\u00fctzer. Vor dem Anpfiff gegen Greu\u00dfen II standen unsere Jungs erstmals in den neuen Trainingsjacken f\u00fcr ein Mannschaftsfoto zusammen; f\u00fcr die restliche Saison wurden sie komplett mit kurzer und langer Trainingsbekleidung ausger\u00fcstet. M\u00f6glich gemacht hat das der FC Wei\u00dfensee 03, der Organisation und einen gro\u00dfen Teil der Finanzierung \u00fcbernommen hat, ma\u00dfgeblich unterst\u00fctzt von der ATI ROTHE GmbH um Christian Rothe sowie durch einen finanziellen Beitrag des TSV Bilzingsleben. Parallel dazu wurde auch das Trainerteam separat neu ausgestattet \u2013 hierf\u00fcr bedanken wir uns herzlich bei Papesch Heizung Sanit\u00e4r und bei Fliesen Beck. Der einheitliche Auftritt auf und neben dem Platz macht sichtbar stolz \u2013 und gibt R\u00fcckenwind.<\/p>\n\n\n\n<p><\/p>\n\n\n\n\n\n<p>Sportlich brauchte die Mannschaft nach kurzfristigen Ausf\u00e4llen einen Moment, fand dann aber immer besser in die Partie, legte in der zweiten Halbzeit deutlich zu und gewann den Test verdient. Seit diesem Tag lief es weiter rund: Es folgten vier Siege in Serie \u2013 zun\u00e4chst ein 6:1 bei der TSG Stotternheim, anschlie\u00dfend ein 1:0 gegen den FC Erfurt Nord II, danach ein 4:2 beim FSV S\u00f6mmerda II und zum Abschluss ein klares 6:0 gegen den SV BW B\u00fc\u00dfleben 04 II. Die \u201eNeueinkleidung\u201c war also nicht nur sch\u00f6n anzusehen, sondern ganz offensichtlich auch sportlich hilfreich: <\/p>\n\n\n\n<p>Unsere C-Junioren\u00a0<strong>\u00fcberwintern auf Platz 2<\/strong>.<\/p>\n\n\n\n<p><\/p>\n\n\n\n\n\n<p>Vielen Dank an alle Beteiligten und Unterst\u00fctzer \u2013 und an die Mannschaft f\u00fcr Einsatz, Zusammenhalt und sichtbare Entwicklung. Weiter so! \ud83d\udc99\u26bd\ufe0f<\/p>\n\n\n\n<p><\/p>\n","protected":false},"excerpt":{"rendered":"<p>Mit etwas Versp\u00e4tung reichen wir den R\u00fcckblick auf das Testspiel unserer C-Junioren vom 19. Oktober nach \u2013 und verbinden ihn mit gro\u00dfem Dank an alle Unterst\u00fctzer. Vor dem Anpfiff gegen Greu\u00dfen II standen unsere Jungs erstmals in den neuen Trainingsjacken f\u00fcr ein Mannschaftsfoto zusammen; f\u00fcr die restliche Saison wurden sie komplett mit kurzer und langer [&hellip;]<\/p>\n","protected":false},"author":10,"featured_media":6776,"comment_status":"closed","ping_status":"open","sticky":false,"template":"","format":"standard","meta":{"saved_in_kubio":false,"footnotes":""},"categories":[42,72],"tags":[21,50,58],"class_list":["post-6774","post","type-post","status-publish","format-standard","has-post-thumbnail","hentry","category-c-jugend","category-jugend","tag-jugend","tag-sponsor","tag-verein"],"_links":{"self":[{"href":"https:\/\/www.fcweissensee03.de\/V2\/wp-json\/wp\/v2\/posts\/6774","targetHints":{"allow":["GET"]}}],"collection":[{"href":"https:\/\/www.fcweissensee03.de\/V2\/wp-json\/wp\/v2\/posts"}],"about":[{"href":"https:\/\/www.fcweissensee03.de\/V2\/wp-json\/wp\/v2\/types\/post"}],"author":[{"embeddable":true,"href":"https:\/\/www.fcweissensee03.de\/V2\/wp-json\/wp\/v2\/users\/10"}],"replies":[{"embeddable":true,"href":"https:\/\/www.fcweissensee03.de\/V2\/wp-json\/wp\/v2\/comments?post=6774"}],"version-history":[{"count":1,"href":"https:\/\/www.fcweissensee03.de\/V2\/wp-json\/wp\/v2\/posts\/6774\/revisions"}],"predecessor-version":[{"id":6777,"href":"https:\/\/www.fcweissensee03.de\/V2\/wp-json\/wp\/v2\/posts\/6774\/revisions\/6777"}],"wp:featuredmedia":[{"embeddable":true,"href":"https:\/\/www.fcweissensee03.de\/V2\/wp-json\/wp\/v2\/media\/6776"}],"wp:attachment":[{"href":"https:\/\/www.fcweissensee03.de\/V2\/wp-json\/wp\/v2\/media?parent=6774"}],"wp:term":[{"taxonomy":"category","embeddable":true,"href":"https:\/\/www.fcweissensee03.de\/V2\/wp-json\/wp\/v2\/categories?post=6774"},{"taxonomy":"post_tag","embeddable":true,"href":"https:\/\/www.fcweissensee03.de\/V2\/wp-json\/wp\/v2\/tags?post=6774"}],"curies":[{"name":"wp","href":"https:\/\/api.w.org\/{rel}","templated":true}]}}