{"id":6771,"date":"2025-12-04T11:04:48","date_gmt":"2025-12-04T10:04:48","guid":{"rendered":"https:\/\/www.fcweissensee03.de\/V2\/?p=6771"},"modified":"2025-12-04T11:05:21","modified_gmt":"2025-12-04T10:05:21","slug":"vorgezogene-bescherung","status":"publish","type":"post","link":"https:\/\/www.fcweissensee03.de\/V2\/2025\/12\/04\/vorgezogene-bescherung\/","title":{"rendered":"Vorgezogene Bescherung"},"content":{"rendered":"\n<p>Unsere M\u00e4nnermannschaft wurde zum Jahresabschluss mit neuen Outfits \u00fcberrascht:<\/p>\n\n\n\n<p><strong>Sebastian Schr\u00f6der (BestEnergie)<\/strong>,&nbsp;<strong>Michael R\u00fcdiger (Fleischerei R\u00fcdiger)<\/strong>&nbsp;und&nbsp;<strong>Mathias Schrot (Caf\u00e9 am Markt)<\/strong>haben die Ausstattung erm\u00f6glicht und damit ein starkes Zeichen der Unterst\u00fctzung gesetzt.<\/p>\n\n\n\n<p><strong>Ausstattung im \u00dcberblick:<\/strong><\/p>\n\n\n\n<ul class=\"wp-block-list\">\n<li><strong>Pr\u00e4sentations-Shirts<\/strong>\u00a0\u2013\u00a0<em>Fleischerei R\u00fcdiger<\/em><\/li>\n\n\n\n<li><strong>Trainingsanz\u00fcge<\/strong>\u00a0\u2013\u00a0<em>BestEnergie<\/em><\/li>\n\n\n\n<li><strong>Neuer Trikotsatz<\/strong>\u00a0\u2013\u00a0<em>Caf\u00e9 am Markt<\/em><\/li>\n<\/ul>\n\n\n\n<p><\/p>\n\n\n\n\n\n<p>Die Mannschaft bedankt sich herzlich f\u00fcr diese gro\u00dfz\u00fcgige \u00dcberraschung und die damit verbundenen Zukunftsw\u00fcnsche. Wir nehmen den R\u00fcckenwind mit \u2013 und wollen ihn in Leistung auf dem Platz umm\u00fcnzen.<\/p>\n\n\n\n<p>Mit sportlichen Gr\u00fc\u00dfen und gro\u00dfem Dank<\/p>\n\n\n\n<p><strong>die Herren des FC Wei\u00dfensee 03<\/strong>.<\/p>\n\n\n\n<p><\/p>\n\n\n","protected":false},"excerpt":{"rendered":"<p>Unsere M\u00e4nnermannschaft wurde zum Jahresabschluss mit neuen Outfits \u00fcberrascht: Sebastian Schr\u00f6der (BestEnergie),&nbsp;Michael R\u00fcdiger (Fleischerei R\u00fcdiger)&nbsp;und&nbsp;Mathias Schrot (Caf\u00e9 am Markt)haben die Ausstattung erm\u00f6glicht und damit ein starkes Zeichen der Unterst\u00fctzung gesetzt. Ausstattung im \u00dcberblick: Die Mannschaft bedankt sich herzlich f\u00fcr diese gro\u00dfz\u00fcgige \u00dcberraschung und die damit verbundenen Zukunftsw\u00fcnsche. Wir nehmen den R\u00fcckenwind mit \u2013 und wollen [&hellip;]<\/p>\n","protected":false},"author":10,"featured_media":6740,"comment_status":"closed","ping_status":"open","sticky":false,"template":"","format":"standard","meta":{"saved_in_kubio":false,"footnotes":""},"categories":[14,75],"tags":[77,50],"class_list":["post-6771","post","type-post","status-publish","format-standard","has-post-thumbnail","hentry","category-herren","category-teams","tag-herren","tag-sponsor"],"_links":{"self":[{"href":"https:\/\/www.fcweissensee03.de\/V2\/wp-json\/wp\/v2\/posts\/6771","targetHints":{"allow":["GET"]}}],"collection":[{"href":"https:\/\/www.fcweissensee03.de\/V2\/wp-json\/wp\/v2\/posts"}],"about":[{"href":"https:\/\/www.fcweissensee03.de\/V2\/wp-json\/wp\/v2\/types\/post"}],"author":[{"embeddable":true,"href":"https:\/\/www.fcweissensee03.de\/V2\/wp-json\/wp\/v2\/users\/10"}],"replies":[{"embeddable":true,"href":"https:\/\/www.fcweissensee03.de\/V2\/wp-json\/wp\/v2\/comments?post=6771"}],"version-history":[{"count":2,"href":"https:\/\/www.fcweissensee03.de\/V2\/wp-json\/wp\/v2\/posts\/6771\/revisions"}],"predecessor-version":[{"id":6773,"href":"https:\/\/www.fcweissensee03.de\/V2\/wp-json\/wp\/v2\/posts\/6771\/revisions\/6773"}],"wp:featuredmedia":[{"embeddable":true,"href":"https:\/\/www.fcweissensee03.de\/V2\/wp-json\/wp\/v2\/media\/6740"}],"wp:attachment":[{"href":"https:\/\/www.fcweissensee03.de\/V2\/wp-json\/wp\/v2\/media?parent=6771"}],"wp:term":[{"taxonomy":"category","embeddable":true,"href":"https:\/\/www.fcweissensee03.de\/V2\/wp-json\/wp\/v2\/categories?post=6771"},{"taxonomy":"post_tag","embeddable":true,"href":"https:\/\/www.fcweissensee03.de\/V2\/wp-json\/wp\/v2\/tags?post=6771"}],"curies":[{"name":"wp","href":"https:\/\/api.w.org\/{rel}","templated":true}]}}