{"id":6483,"date":"2025-08-31T13:15:50","date_gmt":"2025-08-31T11:15:50","guid":{"rendered":"https:\/\/www.fcweissensee03.de\/V2\/?p=6483"},"modified":"2025-08-31T13:15:50","modified_gmt":"2025-08-31T11:15:50","slug":"%f0%9f%86%95-fuenf-neue-gesichter-fuer-den-fc-weissensee-03","status":"publish","type":"post","link":"https:\/\/www.fcweissensee03.de\/V2\/2025\/08\/31\/%f0%9f%86%95-fuenf-neue-gesichter-fuer-den-fc-weissensee-03\/","title":{"rendered":"\ud83c\udd95 F\u00fcnf neue Gesichter f\u00fcr den FC Wei\u00dfensee 03"},"content":{"rendered":"\n<p>Der FC Wei\u00dfensee 03 startet mit frischem Schwung in die neue Saison: Gleich\u00a0<strong>f\u00fcnf Neuzug\u00e4nge<\/strong>\u00a0verst\u00e4rken unser Kreisklasse-Team \u2013 und bringen Tempo, Einsatz und eine gute Portion Kabinenhumor mit an die Ulmenallee.<\/p>\n\n\n\n<hr class=\"wp-block-separator has-alpha-channel-opacity\"\/>\n\n\n\n<h3 class=\"wp-block-heading\">\ud83d\udd35 Minh Nguyen \u2013 der Zweikampfgarant<\/h3>\n\n\n\n<p>Mit&nbsp;<strong>19 Jahren<\/strong>&nbsp;kommt Minh auf die rechte Abwehrseite. Der junge Rechtsverteidiger orientiert sich an&nbsp;<strong>Julian Ryerson<\/strong>und ist bekannt f\u00fcr kompromisslose Gr\u00e4tschen und klare Kommunikation. Sein Ziel: hinten dichtmachen, vorne mitmischen \u2013 und den Gegner zur Verzweiflung treiben.<\/p>\n\n\n\n<figure class=\"wp-block-gallery has-nested-images columns-default is-cropped wp-block-gallery-1 is-layout-flex wp-block-gallery-is-layout-flex\">\n<figure class=\"wp-block-image size-large\"><img loading=\"lazy\" decoding=\"async\" width=\"1024\" height=\"684\" data-id=\"6511\" src=\"https:\/\/www.fcweissensee03.de\/V2\/wp-content\/uploads\/2025\/08\/fee415ea-a3e1-4e87-a9a4-e94fede8faed-1024x684.jpeg\" alt=\"\" class=\"wp-image-6511\" srcset=\"https:\/\/www.fcweissensee03.de\/V2\/wp-content\/uploads\/2025\/08\/fee415ea-a3e1-4e87-a9a4-e94fede8faed-1024x684.jpeg 1024w, https:\/\/www.fcweissensee03.de\/V2\/wp-content\/uploads\/2025\/08\/fee415ea-a3e1-4e87-a9a4-e94fede8faed-300x200.jpeg 300w, https:\/\/www.fcweissensee03.de\/V2\/wp-content\/uploads\/2025\/08\/fee415ea-a3e1-4e87-a9a4-e94fede8faed-768x513.jpeg 768w, https:\/\/www.fcweissensee03.de\/V2\/wp-content\/uploads\/2025\/08\/fee415ea-a3e1-4e87-a9a4-e94fede8faed-1536x1027.jpeg 1536w, https:\/\/www.fcweissensee03.de\/V2\/wp-content\/uploads\/2025\/08\/fee415ea-a3e1-4e87-a9a4-e94fede8faed.jpeg 1616w\" sizes=\"(max-width: 1024px) 100vw, 1024px\" \/><\/figure>\n\n\n\n<figure class=\"wp-block-image size-large\"><img loading=\"lazy\" decoding=\"async\" width=\"1024\" height=\"684\" data-id=\"6501\" src=\"https:\/\/www.fcweissensee03.de\/V2\/wp-content\/uploads\/2025\/08\/9c7d7086-531d-43ec-ae88-c8dc01903124-1-1024x684.jpeg\" alt=\"\" class=\"wp-image-6501\" srcset=\"https:\/\/www.fcweissensee03.de\/V2\/wp-content\/uploads\/2025\/08\/9c7d7086-531d-43ec-ae88-c8dc01903124-1-1024x684.jpeg 1024w, https:\/\/www.fcweissensee03.de\/V2\/wp-content\/uploads\/2025\/08\/9c7d7086-531d-43ec-ae88-c8dc01903124-1-300x200.jpeg 300w, https:\/\/www.fcweissensee03.de\/V2\/wp-content\/uploads\/2025\/08\/9c7d7086-531d-43ec-ae88-c8dc01903124-1-768x513.jpeg 768w, https:\/\/www.fcweissensee03.de\/V2\/wp-content\/uploads\/2025\/08\/9c7d7086-531d-43ec-ae88-c8dc01903124-1-1536x1026.jpeg 1536w, https:\/\/www.fcweissensee03.de\/V2\/wp-content\/uploads\/2025\/08\/9c7d7086-531d-43ec-ae88-c8dc01903124-1.jpeg 1600w\" sizes=\"(max-width: 1024px) 100vw, 1024px\" \/><\/figure>\n\n\n\n<figure class=\"wp-block-image size-large\"><img loading=\"lazy\" decoding=\"async\" width=\"1024\" height=\"684\" data-id=\"6506\" src=\"https:\/\/www.fcweissensee03.de\/V2\/wp-content\/uploads\/2025\/08\/9c4a3ae6-fcf5-45eb-a360-e43ef00aaeb2-1024x684.jpeg\" alt=\"\" class=\"wp-image-6506\" srcset=\"https:\/\/www.fcweissensee03.de\/V2\/wp-content\/uploads\/2025\/08\/9c4a3ae6-fcf5-45eb-a360-e43ef00aaeb2-1024x684.jpeg 1024w, https:\/\/www.fcweissensee03.de\/V2\/wp-content\/uploads\/2025\/08\/9c4a3ae6-fcf5-45eb-a360-e43ef00aaeb2-300x200.jpeg 300w, https:\/\/www.fcweissensee03.de\/V2\/wp-content\/uploads\/2025\/08\/9c4a3ae6-fcf5-45eb-a360-e43ef00aaeb2-768x513.jpeg 768w, https:\/\/www.fcweissensee03.de\/V2\/wp-content\/uploads\/2025\/08\/9c4a3ae6-fcf5-45eb-a360-e43ef00aaeb2-1536x1027.jpeg 1536w, https:\/\/www.fcweissensee03.de\/V2\/wp-content\/uploads\/2025\/08\/9c4a3ae6-fcf5-45eb-a360-e43ef00aaeb2.jpeg 1616w\" sizes=\"(max-width: 1024px) 100vw, 1024px\" \/><\/figure>\n<\/figure>\n\n\n\n<hr class=\"wp-block-separator has-alpha-channel-opacity\"\/>\n\n\n\n<h3 class=\"wp-block-heading\">\u26aa Ben G\u00e4nsler \u2013 die kreative Zehn<\/h3>\n\n\n\n<p>Unser neuer&nbsp;<strong>Spielmacher<\/strong>&nbsp;ist 20 Jahre alt und liebt es, Schnittstellenp\u00e4sse zu spielen oder selbst ins Dribbling zu gehen. Inspiriert von&nbsp;<strong>Jude Bellingham, Lamine Yamal und Marco Reus<\/strong>&nbsp;bringt Ben sowohl Laufst\u00e4rke als auch Cleverness mit. Nach dem Spiel setzt er auf ein k\u00fchles Blondes \u2013 und w\u00e4hrenddessen auf kreative L\u00f6sungen zwischen den Linien.<\/p>\n\n\n\n<figure class=\"wp-block-gallery has-nested-images columns-default is-cropped wp-block-gallery-2 is-layout-flex wp-block-gallery-is-layout-flex\">\n<figure class=\"wp-block-image size-large\"><img loading=\"lazy\" decoding=\"async\" width=\"1024\" height=\"684\" data-id=\"6516\" src=\"https:\/\/www.fcweissensee03.de\/V2\/wp-content\/uploads\/2025\/08\/23c1d1a0-9bac-4b2b-a196-166771be1a4d-1024x684.jpeg\" alt=\"\" class=\"wp-image-6516\" srcset=\"https:\/\/www.fcweissensee03.de\/V2\/wp-content\/uploads\/2025\/08\/23c1d1a0-9bac-4b2b-a196-166771be1a4d-1024x684.jpeg 1024w, https:\/\/www.fcweissensee03.de\/V2\/wp-content\/uploads\/2025\/08\/23c1d1a0-9bac-4b2b-a196-166771be1a4d-300x200.jpeg 300w, https:\/\/www.fcweissensee03.de\/V2\/wp-content\/uploads\/2025\/08\/23c1d1a0-9bac-4b2b-a196-166771be1a4d-768x513.jpeg 768w, https:\/\/www.fcweissensee03.de\/V2\/wp-content\/uploads\/2025\/08\/23c1d1a0-9bac-4b2b-a196-166771be1a4d-1536x1027.jpeg 1536w, https:\/\/www.fcweissensee03.de\/V2\/wp-content\/uploads\/2025\/08\/23c1d1a0-9bac-4b2b-a196-166771be1a4d.jpeg 1616w\" sizes=\"(max-width: 1024px) 100vw, 1024px\" \/><\/figure>\n\n\n\n<figure class=\"wp-block-image size-large\"><img loading=\"lazy\" decoding=\"async\" width=\"1024\" height=\"684\" data-id=\"6495\" src=\"https:\/\/www.fcweissensee03.de\/V2\/wp-content\/uploads\/2025\/08\/92a7901c-2d5f-45c0-9356-05cc59f26f3e-1024x684.jpeg\" alt=\"\" class=\"wp-image-6495\" srcset=\"https:\/\/www.fcweissensee03.de\/V2\/wp-content\/uploads\/2025\/08\/92a7901c-2d5f-45c0-9356-05cc59f26f3e-1024x684.jpeg 1024w, https:\/\/www.fcweissensee03.de\/V2\/wp-content\/uploads\/2025\/08\/92a7901c-2d5f-45c0-9356-05cc59f26f3e-300x200.jpeg 300w, https:\/\/www.fcweissensee03.de\/V2\/wp-content\/uploads\/2025\/08\/92a7901c-2d5f-45c0-9356-05cc59f26f3e-768x513.jpeg 768w, https:\/\/www.fcweissensee03.de\/V2\/wp-content\/uploads\/2025\/08\/92a7901c-2d5f-45c0-9356-05cc59f26f3e-1536x1026.jpeg 1536w, https:\/\/www.fcweissensee03.de\/V2\/wp-content\/uploads\/2025\/08\/92a7901c-2d5f-45c0-9356-05cc59f26f3e.jpeg 1600w\" sizes=\"(max-width: 1024px) 100vw, 1024px\" \/><\/figure>\n\n\n\n<figure class=\"wp-block-image size-large\"><img loading=\"lazy\" decoding=\"async\" width=\"1024\" height=\"684\" data-id=\"6493\" src=\"https:\/\/www.fcweissensee03.de\/V2\/wp-content\/uploads\/2025\/08\/94c2202a-4d76-4c4d-a39b-f1d34bba3f9d-1024x684.jpeg\" alt=\"\" class=\"wp-image-6493\" srcset=\"https:\/\/www.fcweissensee03.de\/V2\/wp-content\/uploads\/2025\/08\/94c2202a-4d76-4c4d-a39b-f1d34bba3f9d-1024x684.jpeg 1024w, https:\/\/www.fcweissensee03.de\/V2\/wp-content\/uploads\/2025\/08\/94c2202a-4d76-4c4d-a39b-f1d34bba3f9d-300x200.jpeg 300w, https:\/\/www.fcweissensee03.de\/V2\/wp-content\/uploads\/2025\/08\/94c2202a-4d76-4c4d-a39b-f1d34bba3f9d-768x513.jpeg 768w, https:\/\/www.fcweissensee03.de\/V2\/wp-content\/uploads\/2025\/08\/94c2202a-4d76-4c4d-a39b-f1d34bba3f9d-1536x1026.jpeg 1536w, https:\/\/www.fcweissensee03.de\/V2\/wp-content\/uploads\/2025\/08\/94c2202a-4d76-4c4d-a39b-f1d34bba3f9d.jpeg 1600w\" sizes=\"(max-width: 1024px) 100vw, 1024px\" \/><\/figure>\n<\/figure>\n\n\n\n<hr class=\"wp-block-separator has-alpha-channel-opacity\"\/>\n\n\n\n<h3 class=\"wp-block-heading\">\ud83d\udd35 Constantin K\u00f6hler \u2013 der Au\u00dfenbahn-Express<\/h3>\n\n\n\n<p>Gerade einmal&nbsp;<strong>18 Jahre jung<\/strong>, aber mit der Geschwindigkeit eines Alphonso Davies ausgestattet: Constantin f\u00fchlt sich auf der Au\u00dfenbahn zuhause. Ob als Verteidiger oder Mittelfeldspieler \u2013 er rennt, bis die Linie gl\u00fcht. Lieblingsaktion: Vorlagen geben und am liebsten selbst auch treffen. Sein Traum: Trainingslager am Strand \u2013 logisch bei so viel Tempo.<\/p>\n\n\n\n<figure class=\"wp-block-gallery has-nested-images columns-default is-cropped wp-block-gallery-3 is-layout-flex wp-block-gallery-is-layout-flex\">\n<figure class=\"wp-block-image size-large\"><img loading=\"lazy\" decoding=\"async\" width=\"1024\" height=\"684\" data-id=\"6509\" src=\"https:\/\/www.fcweissensee03.de\/V2\/wp-content\/uploads\/2025\/08\/307589e8-022b-41fb-9da7-508b9af250af-1024x684.jpeg\" alt=\"\" class=\"wp-image-6509\" srcset=\"https:\/\/www.fcweissensee03.de\/V2\/wp-content\/uploads\/2025\/08\/307589e8-022b-41fb-9da7-508b9af250af-1024x684.jpeg 1024w, https:\/\/www.fcweissensee03.de\/V2\/wp-content\/uploads\/2025\/08\/307589e8-022b-41fb-9da7-508b9af250af-300x200.jpeg 300w, https:\/\/www.fcweissensee03.de\/V2\/wp-content\/uploads\/2025\/08\/307589e8-022b-41fb-9da7-508b9af250af-768x513.jpeg 768w, https:\/\/www.fcweissensee03.de\/V2\/wp-content\/uploads\/2025\/08\/307589e8-022b-41fb-9da7-508b9af250af-1536x1027.jpeg 1536w, https:\/\/www.fcweissensee03.de\/V2\/wp-content\/uploads\/2025\/08\/307589e8-022b-41fb-9da7-508b9af250af.jpeg 1616w\" sizes=\"(max-width: 1024px) 100vw, 1024px\" \/><\/figure>\n\n\n\n<figure class=\"wp-block-image size-large\"><img loading=\"lazy\" decoding=\"async\" width=\"1024\" height=\"684\" data-id=\"6480\" src=\"https:\/\/www.fcweissensee03.de\/V2\/wp-content\/uploads\/2025\/08\/573427c0-c0a0-4271-930a-94b3deb21dc5-1024x684.jpeg\" alt=\"\" class=\"wp-image-6480\" srcset=\"https:\/\/www.fcweissensee03.de\/V2\/wp-content\/uploads\/2025\/08\/573427c0-c0a0-4271-930a-94b3deb21dc5-1024x684.jpeg 1024w, https:\/\/www.fcweissensee03.de\/V2\/wp-content\/uploads\/2025\/08\/573427c0-c0a0-4271-930a-94b3deb21dc5-300x200.jpeg 300w, https:\/\/www.fcweissensee03.de\/V2\/wp-content\/uploads\/2025\/08\/573427c0-c0a0-4271-930a-94b3deb21dc5-768x513.jpeg 768w, https:\/\/www.fcweissensee03.de\/V2\/wp-content\/uploads\/2025\/08\/573427c0-c0a0-4271-930a-94b3deb21dc5-1536x1026.jpeg 1536w, https:\/\/www.fcweissensee03.de\/V2\/wp-content\/uploads\/2025\/08\/573427c0-c0a0-4271-930a-94b3deb21dc5.jpeg 1600w\" sizes=\"(max-width: 1024px) 100vw, 1024px\" \/><\/figure>\n\n\n\n<figure class=\"wp-block-image size-large\"><img loading=\"lazy\" decoding=\"async\" width=\"1024\" height=\"684\" data-id=\"6485\" src=\"https:\/\/www.fcweissensee03.de\/V2\/wp-content\/uploads\/2025\/08\/23e1a7f4-7aaa-428c-be17-89e85ea952a9-1024x684.jpeg\" alt=\"\" class=\"wp-image-6485\" srcset=\"https:\/\/www.fcweissensee03.de\/V2\/wp-content\/uploads\/2025\/08\/23e1a7f4-7aaa-428c-be17-89e85ea952a9-1024x684.jpeg 1024w, https:\/\/www.fcweissensee03.de\/V2\/wp-content\/uploads\/2025\/08\/23e1a7f4-7aaa-428c-be17-89e85ea952a9-300x200.jpeg 300w, https:\/\/www.fcweissensee03.de\/V2\/wp-content\/uploads\/2025\/08\/23e1a7f4-7aaa-428c-be17-89e85ea952a9-768x513.jpeg 768w, https:\/\/www.fcweissensee03.de\/V2\/wp-content\/uploads\/2025\/08\/23e1a7f4-7aaa-428c-be17-89e85ea952a9-1536x1026.jpeg 1536w, https:\/\/www.fcweissensee03.de\/V2\/wp-content\/uploads\/2025\/08\/23e1a7f4-7aaa-428c-be17-89e85ea952a9.jpeg 1600w\" sizes=\"(max-width: 1024px) 100vw, 1024px\" \/><\/figure>\n<\/figure>\n\n\n\n<hr class=\"wp-block-separator has-alpha-channel-opacity\"\/>\n\n\n\n<h3 class=\"wp-block-heading\">\u26aa Chris Alperstedt \u2013 das Auge im Zentrum<\/h3>\n\n\n\n<p>Mit&nbsp;<strong>19 Jahren<\/strong>&nbsp;verst\u00e4rkt Chris unser Mittelfeld. Auf der&nbsp;<strong>6er-Position<\/strong>&nbsp;bringt er \u00dcbersicht, Ausdauer und gef\u00e4hrliche Schnittstellenp\u00e4sse ins Spiel. Sein Vorbild ist&nbsp;<strong>Kevin De Bruyne<\/strong>&nbsp;\u2013 an dessen Spielintelligenz versucht er sich zu orientieren. Im Mannschaftsbus sitzt er am liebsten am Fenster, auf dem Platz dagegen mittendrin im Geschehen.<\/p>\n\n\n\n<figure class=\"wp-block-gallery has-nested-images columns-default is-cropped wp-block-gallery-4 is-layout-flex wp-block-gallery-is-layout-flex\">\n<figure class=\"wp-block-image size-large\"><img loading=\"lazy\" decoding=\"async\" width=\"768\" height=\"1024\" data-id=\"6517\" src=\"https:\/\/www.fcweissensee03.de\/V2\/wp-content\/uploads\/2025\/08\/IMG_6453-768x1024.jpeg\" alt=\"\" class=\"wp-image-6517\" srcset=\"https:\/\/www.fcweissensee03.de\/V2\/wp-content\/uploads\/2025\/08\/IMG_6453-768x1024.jpeg 768w, https:\/\/www.fcweissensee03.de\/V2\/wp-content\/uploads\/2025\/08\/IMG_6453-225x300.jpeg 225w, https:\/\/www.fcweissensee03.de\/V2\/wp-content\/uploads\/2025\/08\/IMG_6453-1152x1536.jpeg 1152w, https:\/\/www.fcweissensee03.de\/V2\/wp-content\/uploads\/2025\/08\/IMG_6453-1536x2048.jpeg 1536w, https:\/\/www.fcweissensee03.de\/V2\/wp-content\/uploads\/2025\/08\/IMG_6453-810x1080.jpeg 810w, https:\/\/www.fcweissensee03.de\/V2\/wp-content\/uploads\/2025\/08\/IMG_6453-scaled.jpeg 1920w\" sizes=\"(max-width: 768px) 100vw, 768px\" \/><\/figure>\n\n\n\n<figure class=\"wp-block-image size-large\"><img loading=\"lazy\" decoding=\"async\" width=\"1024\" height=\"684\" data-id=\"6494\" src=\"https:\/\/www.fcweissensee03.de\/V2\/wp-content\/uploads\/2025\/08\/10a383f3-f322-456b-9af1-57f53b7f6fbb-1024x684.jpeg\" alt=\"\" class=\"wp-image-6494\" srcset=\"https:\/\/www.fcweissensee03.de\/V2\/wp-content\/uploads\/2025\/08\/10a383f3-f322-456b-9af1-57f53b7f6fbb-1024x684.jpeg 1024w, https:\/\/www.fcweissensee03.de\/V2\/wp-content\/uploads\/2025\/08\/10a383f3-f322-456b-9af1-57f53b7f6fbb-300x200.jpeg 300w, https:\/\/www.fcweissensee03.de\/V2\/wp-content\/uploads\/2025\/08\/10a383f3-f322-456b-9af1-57f53b7f6fbb-768x513.jpeg 768w, https:\/\/www.fcweissensee03.de\/V2\/wp-content\/uploads\/2025\/08\/10a383f3-f322-456b-9af1-57f53b7f6fbb-1536x1027.jpeg 1536w, https:\/\/www.fcweissensee03.de\/V2\/wp-content\/uploads\/2025\/08\/10a383f3-f322-456b-9af1-57f53b7f6fbb.jpeg 1616w\" sizes=\"(max-width: 1024px) 100vw, 1024px\" \/><\/figure>\n\n\n\n<figure class=\"wp-block-image size-large\"><img loading=\"lazy\" decoding=\"async\" width=\"1024\" height=\"684\" data-id=\"6470\" src=\"https:\/\/www.fcweissensee03.de\/V2\/wp-content\/uploads\/2025\/08\/0550bcad-76e7-4595-8ecc-d0d9c99ec088-1024x684.jpeg\" alt=\"\" class=\"wp-image-6470\" srcset=\"https:\/\/www.fcweissensee03.de\/V2\/wp-content\/uploads\/2025\/08\/0550bcad-76e7-4595-8ecc-d0d9c99ec088-1024x684.jpeg 1024w, https:\/\/www.fcweissensee03.de\/V2\/wp-content\/uploads\/2025\/08\/0550bcad-76e7-4595-8ecc-d0d9c99ec088-300x200.jpeg 300w, https:\/\/www.fcweissensee03.de\/V2\/wp-content\/uploads\/2025\/08\/0550bcad-76e7-4595-8ecc-d0d9c99ec088-768x513.jpeg 768w, https:\/\/www.fcweissensee03.de\/V2\/wp-content\/uploads\/2025\/08\/0550bcad-76e7-4595-8ecc-d0d9c99ec088-1536x1026.jpeg 1536w, https:\/\/www.fcweissensee03.de\/V2\/wp-content\/uploads\/2025\/08\/0550bcad-76e7-4595-8ecc-d0d9c99ec088.jpeg 1600w\" sizes=\"(max-width: 1024px) 100vw, 1024px\" \/><\/figure>\n<\/figure>\n\n\n\n<hr class=\"wp-block-separator has-alpha-channel-opacity\"\/>\n\n\n\n<h3 class=\"wp-block-heading\">\ud83d\udd35 Emil Neumann \u2013 Ruhepol in der Abwehr<\/h3>\n\n\n\n<p>Mit\u00a0<strong>18 Jahren<\/strong>\u00a0st\u00f6\u00dft Emil ebenfalls aus unserer Jugend ins M\u00e4nnerteam. Als\u00a0<strong>Innenverteidiger<\/strong>\u00a0bringt er Ruhe am Ball, \u00dcbersicht und ein starkes Spielverst\u00e4ndnis mit. Sein Vorbild ist\u00a0<strong>Per Mertesacker<\/strong>\u00a0\u2013 gro\u00df denken, aber fair spielen. Und wenn es sein muss, zeigt Emil auch, dass er auf nassem Rasen eine perfekte \u201eSense\u201c auspacken kann.<\/p>\n\n\n\n<figure class=\"wp-block-gallery has-nested-images columns-default is-cropped wp-block-gallery-5 is-layout-flex wp-block-gallery-is-layout-flex\">\n<figure class=\"wp-block-image size-large\"><img loading=\"lazy\" decoding=\"async\" width=\"1024\" height=\"684\" data-id=\"6510\" src=\"https:\/\/www.fcweissensee03.de\/V2\/wp-content\/uploads\/2025\/08\/5f1f4ae8-b098-46c5-81c3-561ceafbc2e0-1024x684.jpeg\" alt=\"\" class=\"wp-image-6510\" srcset=\"https:\/\/www.fcweissensee03.de\/V2\/wp-content\/uploads\/2025\/08\/5f1f4ae8-b098-46c5-81c3-561ceafbc2e0-1024x684.jpeg 1024w, https:\/\/www.fcweissensee03.de\/V2\/wp-content\/uploads\/2025\/08\/5f1f4ae8-b098-46c5-81c3-561ceafbc2e0-300x200.jpeg 300w, https:\/\/www.fcweissensee03.de\/V2\/wp-content\/uploads\/2025\/08\/5f1f4ae8-b098-46c5-81c3-561ceafbc2e0-768x513.jpeg 768w, https:\/\/www.fcweissensee03.de\/V2\/wp-content\/uploads\/2025\/08\/5f1f4ae8-b098-46c5-81c3-561ceafbc2e0-1536x1027.jpeg 1536w, https:\/\/www.fcweissensee03.de\/V2\/wp-content\/uploads\/2025\/08\/5f1f4ae8-b098-46c5-81c3-561ceafbc2e0.jpeg 1616w\" sizes=\"(max-width: 1024px) 100vw, 1024px\" \/><\/figure>\n\n\n\n<figure class=\"wp-block-image size-large\"><img loading=\"lazy\" decoding=\"async\" width=\"1024\" height=\"684\" data-id=\"6504\" src=\"https:\/\/www.fcweissensee03.de\/V2\/wp-content\/uploads\/2025\/08\/816578de-b26f-4dc0-b7a4-0f27e4d4ff91-1024x684.jpeg\" alt=\"\" class=\"wp-image-6504\" srcset=\"https:\/\/www.fcweissensee03.de\/V2\/wp-content\/uploads\/2025\/08\/816578de-b26f-4dc0-b7a4-0f27e4d4ff91-1024x684.jpeg 1024w, https:\/\/www.fcweissensee03.de\/V2\/wp-content\/uploads\/2025\/08\/816578de-b26f-4dc0-b7a4-0f27e4d4ff91-300x200.jpeg 300w, https:\/\/www.fcweissensee03.de\/V2\/wp-content\/uploads\/2025\/08\/816578de-b26f-4dc0-b7a4-0f27e4d4ff91-768x513.jpeg 768w, https:\/\/www.fcweissensee03.de\/V2\/wp-content\/uploads\/2025\/08\/816578de-b26f-4dc0-b7a4-0f27e4d4ff91-1536x1027.jpeg 1536w, https:\/\/www.fcweissensee03.de\/V2\/wp-content\/uploads\/2025\/08\/816578de-b26f-4dc0-b7a4-0f27e4d4ff91.jpeg 1616w\" sizes=\"(max-width: 1024px) 100vw, 1024px\" \/><\/figure>\n\n\n\n<figure class=\"wp-block-image size-large\"><img loading=\"lazy\" decoding=\"async\" width=\"1024\" height=\"684\" data-id=\"6513\" src=\"https:\/\/www.fcweissensee03.de\/V2\/wp-content\/uploads\/2025\/08\/f8a22d67-6d7e-47ba-98ba-b6e9268e572c-1024x684.jpeg\" alt=\"\" class=\"wp-image-6513\" srcset=\"https:\/\/www.fcweissensee03.de\/V2\/wp-content\/uploads\/2025\/08\/f8a22d67-6d7e-47ba-98ba-b6e9268e572c-1024x684.jpeg 1024w, https:\/\/www.fcweissensee03.de\/V2\/wp-content\/uploads\/2025\/08\/f8a22d67-6d7e-47ba-98ba-b6e9268e572c-300x200.jpeg 300w, https:\/\/www.fcweissensee03.de\/V2\/wp-content\/uploads\/2025\/08\/f8a22d67-6d7e-47ba-98ba-b6e9268e572c-768x513.jpeg 768w, https:\/\/www.fcweissensee03.de\/V2\/wp-content\/uploads\/2025\/08\/f8a22d67-6d7e-47ba-98ba-b6e9268e572c-1536x1027.jpeg 1536w, https:\/\/www.fcweissensee03.de\/V2\/wp-content\/uploads\/2025\/08\/f8a22d67-6d7e-47ba-98ba-b6e9268e572c.jpeg 1616w\" sizes=\"(max-width: 1024px) 100vw, 1024px\" \/><\/figure>\n<\/figure>\n\n\n\n<hr class=\"wp-block-separator has-alpha-channel-opacity\"\/>\n\n\n\n<h3 class=\"wp-block-heading\">\u26bd Frischer Wind f\u00fcr die Kreisklasse<\/h3>\n\n\n\n<p>Mit diesen f\u00fcnf neuen Gesichtern setzt der FC Wei\u00dfensee 03 auf eine Mischung aus Talent, Ehrgeiz und Vereinsliebe. Egal ob Gr\u00e4tschen, Schnittstellenp\u00e4sse oder Sprints bis zum Umfallen \u2013 die Jungs haben Bock auf Fu\u00dfball und den FC Wei\u00dfensee.<\/p>\n\n\n\n<p>Wir hei\u00dfen unsere Neuzug\u00e4nge herzlich willkommen und freuen uns auf eine spannende Saison mit vielen Zweik\u00e4mpfen, Toren und Kabinenmomenten.<\/p>\n\n\n\n<p>\ud83d\udd35\u26aa&nbsp;<strong>Willkommen beim FC Wei\u00dfensee 03!<\/strong><\/p>\n","protected":false},"excerpt":{"rendered":"<p>Der FC Wei\u00dfensee 03 startet mit frischem Schwung in die neue Saison: Gleich\u00a0f\u00fcnf Neuzug\u00e4nge\u00a0verst\u00e4rken unser Kreisklasse-Team \u2013 und bringen Tempo, Einsatz und eine gute Portion Kabinenhumor mit an die Ulmenallee. \ud83d\udd35 Minh Nguyen \u2013 der Zweikampfgarant Mit&nbsp;19 Jahren&nbsp;kommt Minh auf die rechte Abwehrseite. Der junge Rechtsverteidiger orientiert sich an&nbsp;Julian Ryersonund ist bekannt f\u00fcr kompromisslose Gr\u00e4tschen [&hellip;]<\/p>\n","protected":false},"author":10,"featured_media":6465,"comment_status":"closed","ping_status":"open","sticky":false,"template":"","format":"standard","meta":{"saved_in_kubio":false,"footnotes":""},"categories":[1,14,75],"tags":[85,86],"class_list":["post-6483","post","type-post","status-publish","format-standard","has-post-thumbnail","hentry","category-allgemein","category-herren","category-teams","tag-kreisklasse","tag-neuzugaenge"],"_links":{"self":[{"href":"https:\/\/www.fcweissensee03.de\/V2\/wp-json\/wp\/v2\/posts\/6483","targetHints":{"allow":["GET"]}}],"collection":[{"href":"https:\/\/www.fcweissensee03.de\/V2\/wp-json\/wp\/v2\/posts"}],"about":[{"href":"https:\/\/www.fcweissensee03.de\/V2\/wp-json\/wp\/v2\/types\/post"}],"author":[{"embeddable":true,"href":"https:\/\/www.fcweissensee03.de\/V2\/wp-json\/wp\/v2\/users\/10"}],"replies":[{"embeddable":true,"href":"https:\/\/www.fcweissensee03.de\/V2\/wp-json\/wp\/v2\/comments?post=6483"}],"version-history":[{"count":2,"href":"https:\/\/www.fcweissensee03.de\/V2\/wp-json\/wp\/v2\/posts\/6483\/revisions"}],"predecessor-version":[{"id":6518,"href":"https:\/\/www.fcweissensee03.de\/V2\/wp-json\/wp\/v2\/posts\/6483\/revisions\/6518"}],"wp:featuredmedia":[{"embeddable":true,"href":"https:\/\/www.fcweissensee03.de\/V2\/wp-json\/wp\/v2\/media\/6465"}],"wp:attachment":[{"href":"https:\/\/www.fcweissensee03.de\/V2\/wp-json\/wp\/v2\/media?parent=6483"}],"wp:term":[{"taxonomy":"category","embeddable":true,"href":"https:\/\/www.fcweissensee03.de\/V2\/wp-json\/wp\/v2\/categories?post=6483"},{"taxonomy":"post_tag","embeddable":true,"href":"https:\/\/www.fcweissensee03.de\/V2\/wp-json\/wp\/v2\/tags?post=6483"}],"curies":[{"name":"wp","href":"https:\/\/api.w.org\/{rel}","templated":true}]}}