{"id":6220,"date":"2025-06-11T10:24:02","date_gmt":"2025-06-11T08:24:02","guid":{"rendered":"https:\/\/www.fcweissensee03.de\/V2\/?p=6220"},"modified":"2025-06-11T10:31:29","modified_gmt":"2025-06-11T08:31:29","slug":"c2-mit-starkem-saisonabschluss","status":"publish","type":"post","link":"https:\/\/www.fcweissensee03.de\/V2\/2025\/06\/11\/c2-mit-starkem-saisonabschluss\/","title":{"rendered":"C2 mit starkem Saisonabschluss"},"content":{"rendered":"\n<p>Bei besten Platzverh\u00e4ltnissen auf dem heimischen Fischhof absolvierte unsere C2 ihr letztes Heimspiel der Saison. Ein gro\u00dfer Dank geht an dieser Stelle an unseren Platzwart, der bei allen Heimspielen f\u00fcr hervorragende Bedingungen gesorgt hat \u2013 das ist nicht selbstverst\u00e4ndlich und absolut lobenswert!<\/p>\n\n\n\n<p>Motiviert durch zwei vorherige Siege \u2013 ein Testspielerfolg sowie ein \u00fcberzeugendes 5:0 im Punktspiel gegen K\u00f6lleda \u2013 ging unsere Mannschaft mit breiter Brust in das direkte Duell mit TSV Motor Gispersleben. Wir starteten gut in die Partie, konnten unsere Anfangsdominanz jedoch nicht in Z\u00e4hlbares umm\u00fcnzen. In der 9. Minute nutzte der Gegner eine Unaufmerksamkeit und ging mit 0:1 in F\u00fchrung. Trotz weiterer Chancen unsererseits blieb der Ausgleich zun\u00e4chst aus \u2013 zweimal lie\u00dfen wir gute M\u00f6glichkeiten ungenutzt. Doch die Jungs lie\u00dfen sich auch bei sommerlich warmen Temperaturen nicht aus dem Konzept bringen. Kurz vor der Pause fiel dann endlich der verdiente Ausgleich: Nach starker Vorarbeit von Erik Russland aus der C1, der uns erneut unterst\u00fctzte, konnten wir auf 1:1 stellen.<\/p>\n\n\n\n<figure class=\"wp-block-gallery has-nested-images columns-default is-cropped wp-block-gallery-1 is-layout-flex wp-block-gallery-is-layout-flex\">\n<figure class=\"wp-block-image size-large\"><img loading=\"lazy\" decoding=\"async\" width=\"1024\" height=\"683\" data-id=\"6158\" src=\"https:\/\/www.fcweissensee03.de\/V2\/wp-content\/uploads\/2025\/06\/82900388-b030-40ba-ad18-19f0256d87dc-1024x683.jpeg\" alt=\"\" class=\"wp-image-6158\" srcset=\"https:\/\/www.fcweissensee03.de\/V2\/wp-content\/uploads\/2025\/06\/82900388-b030-40ba-ad18-19f0256d87dc-1024x683.jpeg 1024w, https:\/\/www.fcweissensee03.de\/V2\/wp-content\/uploads\/2025\/06\/82900388-b030-40ba-ad18-19f0256d87dc-300x200.jpeg 300w, https:\/\/www.fcweissensee03.de\/V2\/wp-content\/uploads\/2025\/06\/82900388-b030-40ba-ad18-19f0256d87dc-768x512.jpeg 768w, https:\/\/www.fcweissensee03.de\/V2\/wp-content\/uploads\/2025\/06\/82900388-b030-40ba-ad18-19f0256d87dc.jpeg 1440w\" sizes=\"(max-width: 1024px) 100vw, 1024px\" \/><\/figure>\n\n\n\n<figure class=\"wp-block-image size-large\"><img loading=\"lazy\" decoding=\"async\" width=\"1024\" height=\"682\" data-id=\"6159\" src=\"https:\/\/www.fcweissensee03.de\/V2\/wp-content\/uploads\/2025\/06\/cff1ed37-8809-417a-8039-ce24d4fa9084-1024x682.jpeg\" alt=\"\" class=\"wp-image-6159\" srcset=\"https:\/\/www.fcweissensee03.de\/V2\/wp-content\/uploads\/2025\/06\/cff1ed37-8809-417a-8039-ce24d4fa9084-1024x682.jpeg 1024w, https:\/\/www.fcweissensee03.de\/V2\/wp-content\/uploads\/2025\/06\/cff1ed37-8809-417a-8039-ce24d4fa9084-300x200.jpeg 300w, https:\/\/www.fcweissensee03.de\/V2\/wp-content\/uploads\/2025\/06\/cff1ed37-8809-417a-8039-ce24d4fa9084-768x512.jpeg 768w, https:\/\/www.fcweissensee03.de\/V2\/wp-content\/uploads\/2025\/06\/cff1ed37-8809-417a-8039-ce24d4fa9084-1536x1023.jpeg 1536w, https:\/\/www.fcweissensee03.de\/V2\/wp-content\/uploads\/2025\/06\/cff1ed37-8809-417a-8039-ce24d4fa9084.jpeg 1600w\" sizes=\"(max-width: 1024px) 100vw, 1024px\" \/><\/figure>\n\n\n\n<figure class=\"wp-block-image size-large\"><img loading=\"lazy\" decoding=\"async\" width=\"683\" height=\"1024\" data-id=\"6157\" src=\"https:\/\/www.fcweissensee03.de\/V2\/wp-content\/uploads\/2025\/06\/43a12eb5-57f6-4cef-8140-7c90625b19e8-683x1024.jpeg\" alt=\"\" class=\"wp-image-6157\" srcset=\"https:\/\/www.fcweissensee03.de\/V2\/wp-content\/uploads\/2025\/06\/43a12eb5-57f6-4cef-8140-7c90625b19e8-683x1024.jpeg 683w, https:\/\/www.fcweissensee03.de\/V2\/wp-content\/uploads\/2025\/06\/43a12eb5-57f6-4cef-8140-7c90625b19e8-200x300.jpeg 200w, https:\/\/www.fcweissensee03.de\/V2\/wp-content\/uploads\/2025\/06\/43a12eb5-57f6-4cef-8140-7c90625b19e8-768x1152.jpeg 768w, https:\/\/www.fcweissensee03.de\/V2\/wp-content\/uploads\/2025\/06\/43a12eb5-57f6-4cef-8140-7c90625b19e8-1024x1536.jpeg 1024w, https:\/\/www.fcweissensee03.de\/V2\/wp-content\/uploads\/2025\/06\/43a12eb5-57f6-4cef-8140-7c90625b19e8-720x1080.jpeg 720w, https:\/\/www.fcweissensee03.de\/V2\/wp-content\/uploads\/2025\/06\/43a12eb5-57f6-4cef-8140-7c90625b19e8.jpeg 1066w\" sizes=\"(max-width: 683px) 100vw, 683px\" \/><\/figure>\n<\/figure>\n\n\n\n<p>In der zweiten Halbzeit bekam mit Lias Standhardt ein weiterer Nachwuchsspieler aus der D-Jugend seine Einsatzzeit. Nur zw\u00f6lf Minuten sp\u00e4ter wurde er im Strafraum gefoult \u2013 folgerichtig gab es Elfmeter. John Helbing \u00fcbernahm Verantwortung und verwandelte sicher zur 2:1-F\u00fchrung. Wir nutzten die Gelegenheit, um bei den schwei\u00dftreibenden Bedingungen flei\u00dfig durchzuwechseln \u2013 jeder Spieler sollte Einsatzzeit bekommen. Nach der Trinkpause jedoch ein kurzer Tiefschlaf: Ein gegnerischer Einwurf wurde nicht energisch verteidigt, und prompt fiel der Ausgleich zum 2:2.<\/p>\n\n\n\n<figure class=\"wp-block-gallery has-nested-images columns-default is-cropped wp-block-gallery-2 is-layout-flex wp-block-gallery-is-layout-flex\">\n<figure class=\"wp-block-image size-large\"><img loading=\"lazy\" decoding=\"async\" width=\"683\" height=\"1024\" data-id=\"6169\" src=\"https:\/\/www.fcweissensee03.de\/V2\/wp-content\/uploads\/2025\/06\/ef06faa7-cf7d-4c36-abe7-c39e34a54e42-683x1024.jpeg\" alt=\"\" class=\"wp-image-6169\" srcset=\"https:\/\/www.fcweissensee03.de\/V2\/wp-content\/uploads\/2025\/06\/ef06faa7-cf7d-4c36-abe7-c39e34a54e42-683x1024.jpeg 683w, https:\/\/www.fcweissensee03.de\/V2\/wp-content\/uploads\/2025\/06\/ef06faa7-cf7d-4c36-abe7-c39e34a54e42-200x300.jpeg 200w, https:\/\/www.fcweissensee03.de\/V2\/wp-content\/uploads\/2025\/06\/ef06faa7-cf7d-4c36-abe7-c39e34a54e42-768x1152.jpeg 768w, https:\/\/www.fcweissensee03.de\/V2\/wp-content\/uploads\/2025\/06\/ef06faa7-cf7d-4c36-abe7-c39e34a54e42-720x1080.jpeg 720w, https:\/\/www.fcweissensee03.de\/V2\/wp-content\/uploads\/2025\/06\/ef06faa7-cf7d-4c36-abe7-c39e34a54e42.jpeg 937w\" sizes=\"(max-width: 683px) 100vw, 683px\" \/><\/figure>\n\n\n\n<figure class=\"wp-block-image size-large\"><img loading=\"lazy\" decoding=\"async\" width=\"1024\" height=\"683\" data-id=\"6174\" src=\"https:\/\/www.fcweissensee03.de\/V2\/wp-content\/uploads\/2025\/06\/0e33cf1a-7b07-4a1c-b569-8092f01b0dad-1024x683.jpeg\" alt=\"\" class=\"wp-image-6174\" srcset=\"https:\/\/www.fcweissensee03.de\/V2\/wp-content\/uploads\/2025\/06\/0e33cf1a-7b07-4a1c-b569-8092f01b0dad-1024x683.jpeg 1024w, https:\/\/www.fcweissensee03.de\/V2\/wp-content\/uploads\/2025\/06\/0e33cf1a-7b07-4a1c-b569-8092f01b0dad-300x200.jpeg 300w, https:\/\/www.fcweissensee03.de\/V2\/wp-content\/uploads\/2025\/06\/0e33cf1a-7b07-4a1c-b569-8092f01b0dad-768x512.jpeg 768w, https:\/\/www.fcweissensee03.de\/V2\/wp-content\/uploads\/2025\/06\/0e33cf1a-7b07-4a1c-b569-8092f01b0dad.jpeg 1386w\" sizes=\"(max-width: 1024px) 100vw, 1024px\" \/><\/figure>\n\n\n\n<figure class=\"wp-block-image size-large is-style-default\"><img loading=\"lazy\" decoding=\"async\" width=\"1024\" height=\"682\" data-id=\"6180\" src=\"https:\/\/www.fcweissensee03.de\/V2\/wp-content\/uploads\/2025\/06\/7f1221eb-cb25-4944-ab0b-8dbd3b220d26-1024x682.jpeg\" alt=\"\" class=\"wp-image-6180\" srcset=\"https:\/\/www.fcweissensee03.de\/V2\/wp-content\/uploads\/2025\/06\/7f1221eb-cb25-4944-ab0b-8dbd3b220d26-1024x682.jpeg 1024w, https:\/\/www.fcweissensee03.de\/V2\/wp-content\/uploads\/2025\/06\/7f1221eb-cb25-4944-ab0b-8dbd3b220d26-300x200.jpeg 300w, https:\/\/www.fcweissensee03.de\/V2\/wp-content\/uploads\/2025\/06\/7f1221eb-cb25-4944-ab0b-8dbd3b220d26-768x512.jpeg 768w, https:\/\/www.fcweissensee03.de\/V2\/wp-content\/uploads\/2025\/06\/7f1221eb-cb25-4944-ab0b-8dbd3b220d26-1536x1023.jpeg 1536w, https:\/\/www.fcweissensee03.de\/V2\/wp-content\/uploads\/2025\/06\/7f1221eb-cb25-4944-ab0b-8dbd3b220d26.jpeg 1600w\" sizes=\"(max-width: 1024px) 100vw, 1024px\" \/><\/figure>\n<\/figure>\n\n\n\n<p>Unsere C2 zeigte aber eine tolle Reaktion: Nils Metze sorgte mit einem klasse Abschluss f\u00fcr das 3:2 \u2013 der Schlusspunkt in einer spannenden Partie. In den letzten Minuten wurde mit vollem Einsatz verteidigt, sodass wir die knappe F\u00fchrung \u00fcber die Zeit retten konnten.<\/p>\n\n\n\n<figure class=\"wp-block-gallery has-nested-images columns-default is-cropped wp-block-gallery-3 is-layout-flex wp-block-gallery-is-layout-flex\">\n<figure class=\"wp-block-image size-large\"><img loading=\"lazy\" decoding=\"async\" width=\"1024\" height=\"682\" data-id=\"6181\" src=\"https:\/\/www.fcweissensee03.de\/V2\/wp-content\/uploads\/2025\/06\/2854bdef-ce55-4123-b1b4-1905f2dffd1c-1024x682.jpeg\" alt=\"\" class=\"wp-image-6181\" srcset=\"https:\/\/www.fcweissensee03.de\/V2\/wp-content\/uploads\/2025\/06\/2854bdef-ce55-4123-b1b4-1905f2dffd1c-1024x682.jpeg 1024w, https:\/\/www.fcweissensee03.de\/V2\/wp-content\/uploads\/2025\/06\/2854bdef-ce55-4123-b1b4-1905f2dffd1c-300x200.jpeg 300w, https:\/\/www.fcweissensee03.de\/V2\/wp-content\/uploads\/2025\/06\/2854bdef-ce55-4123-b1b4-1905f2dffd1c-768x512.jpeg 768w, https:\/\/www.fcweissensee03.de\/V2\/wp-content\/uploads\/2025\/06\/2854bdef-ce55-4123-b1b4-1905f2dffd1c-1536x1023.jpeg 1536w, https:\/\/www.fcweissensee03.de\/V2\/wp-content\/uploads\/2025\/06\/2854bdef-ce55-4123-b1b4-1905f2dffd1c.jpeg 1600w\" sizes=\"(max-width: 1024px) 100vw, 1024px\" \/><\/figure>\n\n\n\n<figure class=\"wp-block-image size-large\"><img loading=\"lazy\" decoding=\"async\" width=\"1024\" height=\"682\" data-id=\"6187\" src=\"https:\/\/www.fcweissensee03.de\/V2\/wp-content\/uploads\/2025\/06\/f5752e34-2427-400b-bdb0-076524a4596f-1024x682.jpeg\" alt=\"\" class=\"wp-image-6187\" srcset=\"https:\/\/www.fcweissensee03.de\/V2\/wp-content\/uploads\/2025\/06\/f5752e34-2427-400b-bdb0-076524a4596f-1024x682.jpeg 1024w, https:\/\/www.fcweissensee03.de\/V2\/wp-content\/uploads\/2025\/06\/f5752e34-2427-400b-bdb0-076524a4596f-300x200.jpeg 300w, https:\/\/www.fcweissensee03.de\/V2\/wp-content\/uploads\/2025\/06\/f5752e34-2427-400b-bdb0-076524a4596f-768x512.jpeg 768w, https:\/\/www.fcweissensee03.de\/V2\/wp-content\/uploads\/2025\/06\/f5752e34-2427-400b-bdb0-076524a4596f-1536x1023.jpeg 1536w, https:\/\/www.fcweissensee03.de\/V2\/wp-content\/uploads\/2025\/06\/f5752e34-2427-400b-bdb0-076524a4596f.jpeg 1600w\" sizes=\"(max-width: 1024px) 100vw, 1024px\" \/><\/figure>\n\n\n\n<figure class=\"wp-block-image size-large\"><img loading=\"lazy\" decoding=\"async\" width=\"1024\" height=\"682\" data-id=\"6183\" src=\"https:\/\/www.fcweissensee03.de\/V2\/wp-content\/uploads\/2025\/06\/cf3cb6bc-de34-4cfd-ab7f-40fc7754bd4c-1024x682.jpeg\" alt=\"\" class=\"wp-image-6183\" srcset=\"https:\/\/www.fcweissensee03.de\/V2\/wp-content\/uploads\/2025\/06\/cf3cb6bc-de34-4cfd-ab7f-40fc7754bd4c-1024x682.jpeg 1024w, https:\/\/www.fcweissensee03.de\/V2\/wp-content\/uploads\/2025\/06\/cf3cb6bc-de34-4cfd-ab7f-40fc7754bd4c-300x200.jpeg 300w, https:\/\/www.fcweissensee03.de\/V2\/wp-content\/uploads\/2025\/06\/cf3cb6bc-de34-4cfd-ab7f-40fc7754bd4c-768x512.jpeg 768w, https:\/\/www.fcweissensee03.de\/V2\/wp-content\/uploads\/2025\/06\/cf3cb6bc-de34-4cfd-ab7f-40fc7754bd4c-1536x1023.jpeg 1536w, https:\/\/www.fcweissensee03.de\/V2\/wp-content\/uploads\/2025\/06\/cf3cb6bc-de34-4cfd-ab7f-40fc7754bd4c.jpeg 1600w\" sizes=\"(max-width: 1024px) 100vw, 1024px\" \/><\/figure>\n<\/figure>\n\n\n\n<p>Ein gelungener Saisonabschluss mit viel Teamgeist, Einsatz und Spielfreude. Besonders hervorzuheben ist die tolle Zusammenarbeit \u00fcber die Jahrg\u00e4nge hinweg \u2013 ein gro\u00dfes Dankesch\u00f6n an die C1 und D-Jugend f\u00fcr die Unterst\u00fctzung \u00fcber die gesamte Saison!<\/p>\n\n\n\n<p>Jetzt hei\u00dft es: Durchschnaufen, regenerieren und dann wieder fokussiert trainieren \u2013 der n\u00e4chste H\u00f6hepunkt wartet bereits: <strong>Der Fliesen-Beck-Cup am 13.06. in Wei\u00dfensee<\/strong>. Wir freuen uns auf einen tollen Fu\u00dfballtag mit euch!<\/p>\n\n\n\n<p><strong>Danke, Jungs \u2013 f\u00fcr diese starke Leistung und eine tolle Saison!<\/strong><\/p>\n\n\n\n<p><\/p>\n","protected":false},"excerpt":{"rendered":"<p>Bei besten Platzverh\u00e4ltnissen auf dem heimischen Fischhof absolvierte unsere C2 ihr letztes Heimspiel der Saison. Ein gro\u00dfer Dank geht an dieser Stelle an unseren Platzwart, der bei allen Heimspielen f\u00fcr hervorragende Bedingungen gesorgt hat \u2013 das ist nicht selbstverst\u00e4ndlich und absolut lobenswert! Motiviert durch zwei vorherige Siege \u2013 ein Testspielerfolg sowie ein \u00fcberzeugendes 5:0 im [&hellip;]<\/p>\n","protected":false},"author":10,"featured_media":6167,"comment_status":"closed","ping_status":"open","sticky":false,"template":"","format":"standard","meta":{"saved_in_kubio":false,"footnotes":""},"categories":[42,72],"tags":[38,21],"class_list":["post-6220","post","type-post","status-publish","format-standard","has-post-thumbnail","hentry","category-c-jugend","category-jugend","tag-heimsieg","tag-jugend"],"_links":{"self":[{"href":"https:\/\/www.fcweissensee03.de\/V2\/wp-json\/wp\/v2\/posts\/6220","targetHints":{"allow":["GET"]}}],"collection":[{"href":"https:\/\/www.fcweissensee03.de\/V2\/wp-json\/wp\/v2\/posts"}],"about":[{"href":"https:\/\/www.fcweissensee03.de\/V2\/wp-json\/wp\/v2\/types\/post"}],"author":[{"embeddable":true,"href":"https:\/\/www.fcweissensee03.de\/V2\/wp-json\/wp\/v2\/users\/10"}],"replies":[{"embeddable":true,"href":"https:\/\/www.fcweissensee03.de\/V2\/wp-json\/wp\/v2\/comments?post=6220"}],"version-history":[{"count":0,"href":"https:\/\/www.fcweissensee03.de\/V2\/wp-json\/wp\/v2\/posts\/6220\/revisions"}],"wp:featuredmedia":[{"embeddable":true,"href":"https:\/\/www.fcweissensee03.de\/V2\/wp-json\/wp\/v2\/media\/6167"}],"wp:attachment":[{"href":"https:\/\/www.fcweissensee03.de\/V2\/wp-json\/wp\/v2\/media?parent=6220"}],"wp:term":[{"taxonomy":"category","embeddable":true,"href":"https:\/\/www.fcweissensee03.de\/V2\/wp-json\/wp\/v2\/categories?post=6220"},{"taxonomy":"post_tag","embeddable":true,"href":"https:\/\/www.fcweissensee03.de\/V2\/wp-json\/wp\/v2\/tags?post=6220"}],"curies":[{"name":"wp","href":"https:\/\/api.w.org\/{rel}","templated":true}]}}