{"id":6152,"date":"2025-06-01T20:44:57","date_gmt":"2025-06-01T18:44:57","guid":{"rendered":"https:\/\/www.fcweissensee03.de\/V2\/?p=6152"},"modified":"2025-06-01T20:44:57","modified_gmt":"2025-06-01T18:44:57","slug":"30-jahre-erfolg-engagement-und-herz-fuer-den-sport","status":"publish","type":"post","link":"https:\/\/www.fcweissensee03.de\/V2\/2025\/06\/01\/30-jahre-erfolg-engagement-und-herz-fuer-den-sport\/","title":{"rendered":"30 Jahre Erfolg, Engagement und Herz f\u00fcr den Sport\u00a0"},"content":{"rendered":"\n<p>Was w\u00e4re der Fu\u00dfball ohne Menschen, die mit Herzblut, Heimatverbundenheit und echtem Teamgeist im Hintergrund wirken? Eine dieser wertvollen St\u00fctzen d\u00fcrfen wir seit Kurzem ganz offiziell zu unseren Unterst\u00fctzern z\u00e4hlen: <strong>die Autohaus Hocksch GmbH<\/strong>, Hyundai-Vertragspartner aus S\u00f6mmerda, hat unseren <strong>D-Junioren<\/strong> einen brandneuen Trikotsatz in unseren Vereinsfarben Blau und Wei\u00df gesponsert.<\/p>\n\n\n\n<p>Unser Nachwuchsleiter <strong>Marco Pergelt<\/strong> nahm die Trikots voller Freude entgegen \u2013 und auch bei unseren jungen Talenten war die Begeisterung gro\u00df. Neue Trikots sind eben mehr als nur Kleidung: Sie stiften Identit\u00e4t, wecken Stolz und motivieren.<\/p>\n\n\n\n<h4 class=\"wp-block-heading\"><strong>Wenn Herkunft verbindet: Unternehmer mit Wei\u00dfenseer Wurzeln<\/strong><\/h4>\n\n\n\n<p>Ein besonderer Dank gilt <strong>Gesch\u00e4ftsf\u00fchrer Matthias R\u00f6mhild<\/strong>, der nicht nur als Unternehmer, sondern auch als geb\u00fcrtiger Wei\u00dfenseer die Verbindung zu unserem Verein lebt. Engagement, das von Herzen kommt \u2013 genau das macht regionale Partnerschaften so wertvoll.<\/p>\n\n\n\n<h4 class=\"wp-block-heading\"><strong>30 Jahre Autohaus Hocksch \u2013 eine Erfolgsgeschichte mit Weitblick<\/strong><\/h4>\n\n\n\n<p>2025 feiert das Autohaus Hocksch ein besonderes Jubil\u00e4um: <strong>30 Jahre Unternehmensgeschichte<\/strong>. Gegr\u00fcndet im Jahr 1994 durch den Zusammenschluss der City Autohaus GmbH und dem Autohaus Hocksch, entwickelte sich das Familienunternehmen zu einer festen Gr\u00f6\u00dfe in der Region \u2013 mit Expertise, Verl\u00e4sslichkeit und einem klaren Blick f\u00fcr die Zukunft.<\/p>\n\n\n\n<p>Seit 2019 f\u00fchren <strong>Philipp Hocksch<\/strong> und <strong>Matthias R\u00f6mhild<\/strong> das Autohaus weiter \u2013 und damit die Vision des Gr\u00fcnders <strong>Norbert Hocksch<\/strong>, der seit 1992 mit Mut und Leidenschaft den Standort in der Frohndorfer Stra\u00dfe aufgebaut hat. Heute sorgt ein Team aus zw\u00f6lf engagierten Mitarbeitenden daf\u00fcr, dass Kundenzufriedenheit an erster Stelle steht \u2013 ob im Verkauf, Service oder in der Werkstatt.<\/p>\n\n\n\n<figure class=\"wp-block-image size-large\"><img loading=\"lazy\" decoding=\"async\" width=\"687\" height=\"1024\" src=\"https:\/\/www.fcweissensee03.de\/V2\/wp-content\/uploads\/2025\/06\/IMG-20250527-WA0002_b-687x1024.jpeg\" alt=\"\" class=\"wp-image-6155\" srcset=\"https:\/\/www.fcweissensee03.de\/V2\/wp-content\/uploads\/2025\/06\/IMG-20250527-WA0002_b-687x1024.jpeg 687w, https:\/\/www.fcweissensee03.de\/V2\/wp-content\/uploads\/2025\/06\/IMG-20250527-WA0002_b-201x300.jpeg 201w, https:\/\/www.fcweissensee03.de\/V2\/wp-content\/uploads\/2025\/06\/IMG-20250527-WA0002_b-768x1145.jpeg 768w, https:\/\/www.fcweissensee03.de\/V2\/wp-content\/uploads\/2025\/06\/IMG-20250527-WA0002_b-725x1080.jpeg 725w, https:\/\/www.fcweissensee03.de\/V2\/wp-content\/uploads\/2025\/06\/IMG-20250527-WA0002_b.jpeg 883w\" sizes=\"(max-width: 687px) 100vw, 687px\" \/><\/figure>\n\n\n\n<h4 class=\"wp-block-heading\"><strong>Sponsoring mit Herz \u2013 Engagement, das ankommt<\/strong><\/h4>\n\n\n\n<p>Das Autohaus Hocksch ist weit mehr als ein kompetenter Autoh\u00e4ndler: Es steht f\u00fcr gelebte gesellschaftliche Verantwortung. Ob im Sport, in sozialen Projekten oder bei lokalen Vereinen \u2013 Unterst\u00fctzung wird hier gro\u00dfgeschrieben.<\/p>\n\n\n\n<p>F\u00fcr unsere D-Junioren war der Moment, erstmals in den neuen Trikots aufzulaufen, etwas ganz Besonderes. Stolz in den Augen, R\u00fccken gerade, das Team im Gleichklang \u2013 so etwas wirkt weit \u00fcber den Platz hinaus.<\/p>\n\n\n\n<h4 class=\"wp-block-heading\"><strong>Danke f\u00fcr die Unterst\u00fctzung \u2013 und auf viele gemeinsame Jahre<\/strong><\/h4>\n\n\n\n<p>Wir sagen: <strong>Danke, Autohaus Hocksch!<\/strong> F\u00fcr 30 Jahre unternehmerisches Engagement, f\u00fcr regionale Verbundenheit und f\u00fcr die Unterst\u00fctzung unserer Nachwuchstalente.<\/p>\n\n\n\n<p>Und wer wei\u00df \u2013 vielleicht rollt in ein paar Jahren der eine oder andere unserer jungen Spieler mit seinem ersten Hyundai vom Hof jenes Autohauses, das ihn heute als Fu\u00dfballkind unterst\u00fctzt.<\/p>\n\n\n\n<p><strong>Gemeinsam wachsen \u2013 das ist echte Partnerschaft.<\/strong><\/p>\n\n\n\n<p>\ud83d\udc49 Mehr \u00fcber das Autohaus Hocksch findet ihr vor Ort in der Frohndorfer Stra\u00dfe in S\u00f6mmerda oder online unter <a class=\"\" href=\"https:\/\/www.hocksch.de\">www.hocksch.de<\/a>. Vorbeischauen lohnt sich \u2013 f\u00fcr Fu\u00dfballfreunde, Autofans und alle, die beides lieben.<\/p>\n\n\n\n<figure class=\"wp-block-image size-large\"><img loading=\"lazy\" decoding=\"async\" width=\"911\" height=\"1024\" src=\"https:\/\/www.fcweissensee03.de\/V2\/wp-content\/uploads\/2025\/06\/IMG-20250527-WA0000_b-911x1024.jpeg\" alt=\"\" class=\"wp-image-6156\" srcset=\"https:\/\/www.fcweissensee03.de\/V2\/wp-content\/uploads\/2025\/06\/IMG-20250527-WA0000_b-911x1024.jpeg 911w, https:\/\/www.fcweissensee03.de\/V2\/wp-content\/uploads\/2025\/06\/IMG-20250527-WA0000_b-267x300.jpeg 267w, https:\/\/www.fcweissensee03.de\/V2\/wp-content\/uploads\/2025\/06\/IMG-20250527-WA0000_b-768x864.jpeg 768w, https:\/\/www.fcweissensee03.de\/V2\/wp-content\/uploads\/2025\/06\/IMG-20250527-WA0000_b-960x1080.jpeg 960w, https:\/\/www.fcweissensee03.de\/V2\/wp-content\/uploads\/2025\/06\/IMG-20250527-WA0000_b.jpeg 1043w\" sizes=\"(max-width: 911px) 100vw, 911px\" \/><\/figure>\n","protected":false},"excerpt":{"rendered":"<p>Was w\u00e4re der Fu\u00dfball ohne Menschen, die mit Herzblut, Heimatverbundenheit und echtem Teamgeist im Hintergrund wirken? Eine dieser wertvollen St\u00fctzen d\u00fcrfen wir seit Kurzem ganz offiziell zu unseren Unterst\u00fctzern z\u00e4hlen: die Autohaus Hocksch GmbH, Hyundai-Vertragspartner aus S\u00f6mmerda, hat unseren D-Junioren einen brandneuen Trikotsatz in unseren Vereinsfarben Blau und Wei\u00df gesponsert. Unser Nachwuchsleiter Marco Pergelt nahm [&hellip;]<\/p>\n","protected":false},"author":10,"featured_media":6154,"comment_status":"closed","ping_status":"open","sticky":false,"template":"","format":"standard","meta":{"saved_in_kubio":false,"footnotes":""},"categories":[1,15,72,12],"tags":[21,50],"class_list":["post-6152","post","type-post","status-publish","format-standard","has-post-thumbnail","hentry","category-allgemein","category-d-jugend","category-jugend","category-verein","tag-jugend","tag-sponsor"],"_links":{"self":[{"href":"https:\/\/www.fcweissensee03.de\/V2\/wp-json\/wp\/v2\/posts\/6152","targetHints":{"allow":["GET"]}}],"collection":[{"href":"https:\/\/www.fcweissensee03.de\/V2\/wp-json\/wp\/v2\/posts"}],"about":[{"href":"https:\/\/www.fcweissensee03.de\/V2\/wp-json\/wp\/v2\/types\/post"}],"author":[{"embeddable":true,"href":"https:\/\/www.fcweissensee03.de\/V2\/wp-json\/wp\/v2\/users\/10"}],"replies":[{"embeddable":true,"href":"https:\/\/www.fcweissensee03.de\/V2\/wp-json\/wp\/v2\/comments?post=6152"}],"version-history":[{"count":0,"href":"https:\/\/www.fcweissensee03.de\/V2\/wp-json\/wp\/v2\/posts\/6152\/revisions"}],"wp:featuredmedia":[{"embeddable":true,"href":"https:\/\/www.fcweissensee03.de\/V2\/wp-json\/wp\/v2\/media\/6154"}],"wp:attachment":[{"href":"https:\/\/www.fcweissensee03.de\/V2\/wp-json\/wp\/v2\/media?parent=6152"}],"wp:term":[{"taxonomy":"category","embeddable":true,"href":"https:\/\/www.fcweissensee03.de\/V2\/wp-json\/wp\/v2\/categories?post=6152"},{"taxonomy":"post_tag","embeddable":true,"href":"https:\/\/www.fcweissensee03.de\/V2\/wp-json\/wp\/v2\/tags?post=6152"}],"curies":[{"name":"wp","href":"https:\/\/api.w.org\/{rel}","templated":true}]}}