{"id":6150,"date":"2025-06-01T20:49:06","date_gmt":"2025-06-01T18:49:06","guid":{"rendered":"https:\/\/www.fcweissensee03.de\/V2\/?p=6150"},"modified":"2025-06-27T12:46:54","modified_gmt":"2025-06-27T10:46:54","slug":"kaempferische-leistung-der-ah-in-koelleda","status":"publish","type":"post","link":"https:\/\/www.fcweissensee03.de\/V2\/2025\/06\/01\/kaempferische-leistung-der-ah-in-koelleda\/","title":{"rendered":"K\u00e4mpferische Leistung der AH in K\u00f6lleda"},"content":{"rendered":"\n<p>Am Freitagabend, dem 23. Mai 2025, trat unsere stark ersatzgeschw\u00e4chte Altherren-Mannschaft (AH) ausw\u00e4rts in K\u00f6lleda an. Auf dem frisch eingeweihten Kunstrasenplatz wurde unser Team von einer Angriffswelle der Gastgeber unter Druck gesetzt. Bis zur 15. Minute konnten wir gut dagegenhalten \u2013 dann fiel das verdiente 1:0 f\u00fcr K\u00f6lleda.<\/p>\n\n\n\n<p>Kurz darauf der n\u00e4chste R\u00fcckschlag: Unser Ersatztorwart Andreas Steuding verletzte sich bei einer Aktion ohne Gegnereinwirkung schwer und musste das Spiel vorzeitig beenden. An dieser Stelle noch einmal: <strong>Gute Besserung, Andi!<\/strong><\/p>\n\n\n\n<p>F\u00fcr eine au\u00dfergew\u00f6hnliche Wendung sorgte dann K\u00f6lledas B\u00fcrgermeister <strong>Uwe Kraneis<\/strong>, der sich spontan bereiterkl\u00e4rte, f\u00fcr uns das Tor zu h\u00fcten. <strong>Ein gro\u00dfes Dankesch\u00f6n an Uwe f\u00fcr diese Geste!<\/strong> Und das mit vollem Einsatz: Uwe zeigte mehrfach gro\u00dfartige Paraden und hielt uns damit im Spiel.<\/p>\n\n\n\n<p>In der zweiten H\u00e4lfte der ersten Halbzeit fand Wei\u00dfensee besser in die Partie und erspielte sich erste Chancen. Mit einem knappen 0:1 ging es in die Pause.<\/p>\n\n\n\n<p>Nach Wiederanpfiff \u00fcbernahm K\u00f6lleda wieder die Kontrolle und erh\u00f6hte in der 50. Minute auf 2:0. Doch unser Team lie\u00df nicht locker: Nach einer vergebenen Gro\u00dfchance von Daniel G\u00f6ttlicher war es <strong>Lars Fabian<\/strong>, der mit einem pr\u00e4zisen Schuss aus rund 20 Metern ins lange Eck auf 1:2 verk\u00fcrzen konnte \u2013 zehn Minuten vor dem Ende.<\/p>\n\n\n\n<p>Wei\u00dfensee witterte die Chance zum Ausgleich. Ein wuchtiger Schuss von <strong>Alex Becker<\/strong> wurde vom K\u00f6lledaer Keeper mit einem starken Reflex \u00fcber die Latte gelenkt \u2013 die anschlie\u00dfende Ecke blieb jedoch ohne Erfolg. Im direkten Gegenzug machte K\u00f6lleda mit dem Treffer zum 3:1 f\u00fcnf Minuten vor Schluss alles klar. Ein verdienter Sieg f\u00fcr die Gastgeber, aber auch eine starke und k\u00e4mpferische Leistung unserer AH!<\/p>\n\n\n\n<p><strong>Ein besonderer Dank<\/strong> geht auch an <strong>Marco Ponic<\/strong> aus Bad Tennstedt, der kurzfristig eingesprungen ist und uns unterst\u00fctzt hat.<\/p>\n\n\n\n<p>Weiter geht\u2019s f\u00fcr unsere AH am <strong>13. Juni 2025<\/strong> mit einem \u00dc50-Spiel gegen Leubingen.<\/p>\n\n\n\n<p><strong>F\u00fcr den FC Wei\u00dfensee 03 spielten:<\/strong><br>Andreas Steuding, Daniel Polster, Tobias Hoffmann, Sven Steinke, Alex Becker, Lars Fabian, Daniel G\u00f6ttlicher, Peter Schneider, Marco Ponic, Jens Rothhardt, Bernd Spitzbart und Uwe Kraneis<\/p>\n","protected":false},"excerpt":{"rendered":"<p>Am Freitagabend, dem 23. Mai 2025, trat unsere stark ersatzgeschw\u00e4chte Altherren-Mannschaft (AH) ausw\u00e4rts in K\u00f6lleda an. Auf dem frisch eingeweihten Kunstrasenplatz wurde unser Team von einer Angriffswelle der Gastgeber unter Druck gesetzt. Bis zur 15. Minute konnten wir gut dagegenhalten \u2013 dann fiel das verdiente 1:0 f\u00fcr K\u00f6lleda. Kurz darauf der n\u00e4chste R\u00fcckschlag: Unser Ersatztorwart [&hellip;]<\/p>\n","protected":false},"author":10,"featured_media":6166,"comment_status":"closed","ping_status":"open","sticky":false,"template":"","format":"standard","meta":{"saved_in_kubio":false,"footnotes":""},"categories":[74,75],"tags":[35],"class_list":["post-6150","post","type-post","status-publish","format-standard","has-post-thumbnail","hentry","category-alteherren","category-teams","tag-alteherren"],"_links":{"self":[{"href":"https:\/\/www.fcweissensee03.de\/V2\/wp-json\/wp\/v2\/posts\/6150","targetHints":{"allow":["GET"]}}],"collection":[{"href":"https:\/\/www.fcweissensee03.de\/V2\/wp-json\/wp\/v2\/posts"}],"about":[{"href":"https:\/\/www.fcweissensee03.de\/V2\/wp-json\/wp\/v2\/types\/post"}],"author":[{"embeddable":true,"href":"https:\/\/www.fcweissensee03.de\/V2\/wp-json\/wp\/v2\/users\/10"}],"replies":[{"embeddable":true,"href":"https:\/\/www.fcweissensee03.de\/V2\/wp-json\/wp\/v2\/comments?post=6150"}],"version-history":[{"count":0,"href":"https:\/\/www.fcweissensee03.de\/V2\/wp-json\/wp\/v2\/posts\/6150\/revisions"}],"wp:featuredmedia":[{"embeddable":true,"href":"https:\/\/www.fcweissensee03.de\/V2\/wp-json\/wp\/v2\/media\/6166"}],"wp:attachment":[{"href":"https:\/\/www.fcweissensee03.de\/V2\/wp-json\/wp\/v2\/media?parent=6150"}],"wp:term":[{"taxonomy":"category","embeddable":true,"href":"https:\/\/www.fcweissensee03.de\/V2\/wp-json\/wp\/v2\/categories?post=6150"},{"taxonomy":"post_tag","embeddable":true,"href":"https:\/\/www.fcweissensee03.de\/V2\/wp-json\/wp\/v2\/tags?post=6150"}],"curies":[{"name":"wp","href":"https:\/\/api.w.org\/{rel}","templated":true}]}}