{"id":6097,"date":"2025-05-17T13:19:12","date_gmt":"2025-05-17T11:19:12","guid":{"rendered":"https:\/\/www.fcweissensee03.de\/V2\/?p=6097"},"modified":"2025-05-17T13:19:12","modified_gmt":"2025-05-17T11:19:12","slug":"souveraener-einzug-in-die-finalrunde","status":"publish","type":"post","link":"https:\/\/www.fcweissensee03.de\/V2\/2025\/05\/17\/souveraener-einzug-in-die-finalrunde\/","title":{"rendered":"Souver\u00e4ner Einzug in die Finalrunde"},"content":{"rendered":"\n<p>Am 1. Mai bewies die E-Jugend des FC Wei\u00dfensee 03 beim 3. Qualifikationsturnier der Th\u00fcringer Kinderfu\u00dfballmeisterschaft 2025 in Erfurt erneut ihr K\u00f6nnen \u2013 und das auf eindrucksvolle Weise. Gegen ein stark besetztes Teilnehmerfeld von 13 Teams aus Th\u00fcringen und Sachsen zeigten unsere Nachwuchskicker Spielfreude, Einsatz und echten Teamgeist. Am Ende stand ein herausragender 2. Platz \u2013 gleichbedeutend mit dem Einzug in die Finalrunde!<\/p>\n\n\n\n<figure class=\"wp-block-image size-large\"><img loading=\"lazy\" decoding=\"async\" width=\"1024\" height=\"768\" src=\"https:\/\/www.fcweissensee03.de\/V2\/wp-content\/uploads\/2025\/05\/20250501_204132000_iOS-1024x768.jpg\" alt=\"\" class=\"wp-image-6022\" srcset=\"https:\/\/www.fcweissensee03.de\/V2\/wp-content\/uploads\/2025\/05\/20250501_204132000_iOS-1024x768.jpg 1024w, https:\/\/www.fcweissensee03.de\/V2\/wp-content\/uploads\/2025\/05\/20250501_204132000_iOS-300x225.jpg 300w, https:\/\/www.fcweissensee03.de\/V2\/wp-content\/uploads\/2025\/05\/20250501_204132000_iOS-768x576.jpg 768w, https:\/\/www.fcweissensee03.de\/V2\/wp-content\/uploads\/2025\/05\/20250501_204132000_iOS-1536x1152.jpg 1536w, https:\/\/www.fcweissensee03.de\/V2\/wp-content\/uploads\/2025\/05\/20250501_204132000_iOS-1440x1080.jpg 1440w, https:\/\/www.fcweissensee03.de\/V2\/wp-content\/uploads\/2025\/05\/20250501_204132000_iOS.jpg 2048w\" sizes=\"(max-width: 1024px) 100vw, 1024px\" \/><\/figure>\n\n\n\n<p>Schon in der Vorrunde, die in drei Gruppen ausgetragen wurde, blieb unser Team ungeschlagen und sicherte sich verdient den zweiten Platz in seiner Gruppe \u2013 das bedeutete: Endrunde erreicht!<\/p>\n\n\n\n<figure class=\"wp-block-gallery has-nested-images columns-default is-cropped wp-block-gallery-1 is-layout-flex wp-block-gallery-is-layout-flex\">\n<figure class=\"wp-block-image size-large\"><img loading=\"lazy\" decoding=\"async\" width=\"1024\" height=\"768\" data-id=\"6024\" src=\"https:\/\/www.fcweissensee03.de\/V2\/wp-content\/uploads\/2025\/05\/20250501_204133000_iOS-2-1024x768.jpg\" alt=\"\" class=\"wp-image-6024\" srcset=\"https:\/\/www.fcweissensee03.de\/V2\/wp-content\/uploads\/2025\/05\/20250501_204133000_iOS-2-1024x768.jpg 1024w, https:\/\/www.fcweissensee03.de\/V2\/wp-content\/uploads\/2025\/05\/20250501_204133000_iOS-2-300x225.jpg 300w, https:\/\/www.fcweissensee03.de\/V2\/wp-content\/uploads\/2025\/05\/20250501_204133000_iOS-2-768x576.jpg 768w, https:\/\/www.fcweissensee03.de\/V2\/wp-content\/uploads\/2025\/05\/20250501_204133000_iOS-2-1536x1152.jpg 1536w, https:\/\/www.fcweissensee03.de\/V2\/wp-content\/uploads\/2025\/05\/20250501_204133000_iOS-2-1440x1080.jpg 1440w, https:\/\/www.fcweissensee03.de\/V2\/wp-content\/uploads\/2025\/05\/20250501_204133000_iOS-2.jpg 2048w\" sizes=\"(max-width: 1024px) 100vw, 1024px\" \/><\/figure>\n\n\n\n<figure class=\"wp-block-image size-large\"><img loading=\"lazy\" decoding=\"async\" width=\"768\" height=\"1024\" data-id=\"6036\" src=\"https:\/\/www.fcweissensee03.de\/V2\/wp-content\/uploads\/2025\/05\/20250501_204137000_iOS-768x1024.jpg\" alt=\"\" class=\"wp-image-6036\" srcset=\"https:\/\/www.fcweissensee03.de\/V2\/wp-content\/uploads\/2025\/05\/20250501_204137000_iOS-768x1024.jpg 768w, https:\/\/www.fcweissensee03.de\/V2\/wp-content\/uploads\/2025\/05\/20250501_204137000_iOS-225x300.jpg 225w, https:\/\/www.fcweissensee03.de\/V2\/wp-content\/uploads\/2025\/05\/20250501_204137000_iOS-1152x1536.jpg 1152w, https:\/\/www.fcweissensee03.de\/V2\/wp-content\/uploads\/2025\/05\/20250501_204137000_iOS-810x1080.jpg 810w, https:\/\/www.fcweissensee03.de\/V2\/wp-content\/uploads\/2025\/05\/20250501_204137000_iOS.jpg 1536w\" sizes=\"(max-width: 768px) 100vw, 768px\" \/><\/figure>\n\n\n\n<figure class=\"wp-block-image size-large\"><img loading=\"lazy\" decoding=\"async\" width=\"1024\" height=\"768\" data-id=\"6021\" src=\"https:\/\/www.fcweissensee03.de\/V2\/wp-content\/uploads\/2025\/05\/20250501_204132000_iOS-2-1024x768.jpg\" alt=\"\" class=\"wp-image-6021\" srcset=\"https:\/\/www.fcweissensee03.de\/V2\/wp-content\/uploads\/2025\/05\/20250501_204132000_iOS-2-1024x768.jpg 1024w, https:\/\/www.fcweissensee03.de\/V2\/wp-content\/uploads\/2025\/05\/20250501_204132000_iOS-2-300x225.jpg 300w, https:\/\/www.fcweissensee03.de\/V2\/wp-content\/uploads\/2025\/05\/20250501_204132000_iOS-2-768x576.jpg 768w, https:\/\/www.fcweissensee03.de\/V2\/wp-content\/uploads\/2025\/05\/20250501_204132000_iOS-2-1536x1152.jpg 1536w, https:\/\/www.fcweissensee03.de\/V2\/wp-content\/uploads\/2025\/05\/20250501_204132000_iOS-2-1440x1080.jpg 1440w, https:\/\/www.fcweissensee03.de\/V2\/wp-content\/uploads\/2025\/05\/20250501_204132000_iOS-2.jpg 2048w\" sizes=\"(max-width: 1024px) 100vw, 1024px\" \/><\/figure>\n<\/figure>\n\n\n\n<p>Nach einer l\u00e4ngeren Spielpause starteten unsere Jungs mit zwei Unentschieden in die entscheidende Runde. Doch dann drehte die Mannschaft richtig auf: Bei sommerlichen Temperaturen folgten vier Siege in Serie \u2013 darunter ein beeindruckender Erfolg gegen den sp\u00e4teren Turniersieger!<\/p>\n\n\n\n<figure class=\"wp-block-gallery has-nested-images columns-default is-cropped wp-block-gallery-2 is-layout-flex wp-block-gallery-is-layout-flex\">\n<figure class=\"wp-block-image size-large\"><img loading=\"lazy\" decoding=\"async\" width=\"768\" height=\"1024\" data-id=\"6030\" src=\"https:\/\/www.fcweissensee03.de\/V2\/wp-content\/uploads\/2025\/05\/20250501_204135000_iOS-768x1024.jpg\" alt=\"\" class=\"wp-image-6030\" srcset=\"https:\/\/www.fcweissensee03.de\/V2\/wp-content\/uploads\/2025\/05\/20250501_204135000_iOS-768x1024.jpg 768w, https:\/\/www.fcweissensee03.de\/V2\/wp-content\/uploads\/2025\/05\/20250501_204135000_iOS-225x300.jpg 225w, https:\/\/www.fcweissensee03.de\/V2\/wp-content\/uploads\/2025\/05\/20250501_204135000_iOS-1152x1536.jpg 1152w, https:\/\/www.fcweissensee03.de\/V2\/wp-content\/uploads\/2025\/05\/20250501_204135000_iOS-810x1080.jpg 810w, https:\/\/www.fcweissensee03.de\/V2\/wp-content\/uploads\/2025\/05\/20250501_204135000_iOS.jpg 1536w\" sizes=\"(max-width: 768px) 100vw, 768px\" \/><\/figure>\n\n\n\n<figure class=\"wp-block-image size-large\"><img loading=\"lazy\" decoding=\"async\" width=\"768\" height=\"1024\" data-id=\"6029\" src=\"https:\/\/www.fcweissensee03.de\/V2\/wp-content\/uploads\/2025\/05\/20250501_204135000_iOS-2-768x1024.jpg\" alt=\"\" class=\"wp-image-6029\" srcset=\"https:\/\/www.fcweissensee03.de\/V2\/wp-content\/uploads\/2025\/05\/20250501_204135000_iOS-2-768x1024.jpg 768w, https:\/\/www.fcweissensee03.de\/V2\/wp-content\/uploads\/2025\/05\/20250501_204135000_iOS-2-225x300.jpg 225w, https:\/\/www.fcweissensee03.de\/V2\/wp-content\/uploads\/2025\/05\/20250501_204135000_iOS-2-1152x1536.jpg 1152w, https:\/\/www.fcweissensee03.de\/V2\/wp-content\/uploads\/2025\/05\/20250501_204135000_iOS-2-810x1080.jpg 810w, https:\/\/www.fcweissensee03.de\/V2\/wp-content\/uploads\/2025\/05\/20250501_204135000_iOS-2.jpg 1536w\" sizes=\"(max-width: 768px) 100vw, 768px\" \/><\/figure>\n\n\n\n<figure class=\"wp-block-image size-large\"><img loading=\"lazy\" decoding=\"async\" width=\"768\" height=\"1024\" data-id=\"6028\" src=\"https:\/\/www.fcweissensee03.de\/V2\/wp-content\/uploads\/2025\/05\/20250501_204135000_iOS-1-768x1024.jpg\" alt=\"\" class=\"wp-image-6028\" srcset=\"https:\/\/www.fcweissensee03.de\/V2\/wp-content\/uploads\/2025\/05\/20250501_204135000_iOS-1-768x1024.jpg 768w, https:\/\/www.fcweissensee03.de\/V2\/wp-content\/uploads\/2025\/05\/20250501_204135000_iOS-1-225x300.jpg 225w, https:\/\/www.fcweissensee03.de\/V2\/wp-content\/uploads\/2025\/05\/20250501_204135000_iOS-1-1152x1536.jpg 1152w, https:\/\/www.fcweissensee03.de\/V2\/wp-content\/uploads\/2025\/05\/20250501_204135000_iOS-1-810x1080.jpg 810w, https:\/\/www.fcweissensee03.de\/V2\/wp-content\/uploads\/2025\/05\/20250501_204135000_iOS-1.jpg 1536w\" sizes=\"(max-width: 768px) 100vw, 768px\" \/><\/figure>\n<\/figure>\n\n\n\n<p>Nach insgesamt zehn Spielen (7 Siege, 3 Unentschieden) belegte der FC Wei\u00dfensee 03 schlie\u00dflich den 2. Platz im Gesamtklassement \u2013 und qualifizierte sich damit verdient f\u00fcr die gro\u00dfe Finalrunde in Jena.<\/p>\n\n\n\n<figure class=\"wp-block-gallery has-nested-images columns-default is-cropped wp-block-gallery-3 is-layout-flex wp-block-gallery-is-layout-flex\">\n<figure class=\"wp-block-image size-large\"><img loading=\"lazy\" decoding=\"async\" width=\"768\" height=\"1024\" data-id=\"6033\" src=\"https:\/\/www.fcweissensee03.de\/V2\/wp-content\/uploads\/2025\/05\/20250501_204137000_iOS-1-768x1024.jpg\" alt=\"\" class=\"wp-image-6033\" srcset=\"https:\/\/www.fcweissensee03.de\/V2\/wp-content\/uploads\/2025\/05\/20250501_204137000_iOS-1-768x1024.jpg 768w, https:\/\/www.fcweissensee03.de\/V2\/wp-content\/uploads\/2025\/05\/20250501_204137000_iOS-1-225x300.jpg 225w, https:\/\/www.fcweissensee03.de\/V2\/wp-content\/uploads\/2025\/05\/20250501_204137000_iOS-1-1152x1536.jpg 1152w, https:\/\/www.fcweissensee03.de\/V2\/wp-content\/uploads\/2025\/05\/20250501_204137000_iOS-1-810x1080.jpg 810w, https:\/\/www.fcweissensee03.de\/V2\/wp-content\/uploads\/2025\/05\/20250501_204137000_iOS-1.jpg 1536w\" sizes=\"(max-width: 768px) 100vw, 768px\" \/><\/figure>\n\n\n\n<figure class=\"wp-block-image size-large\"><img loading=\"lazy\" decoding=\"async\" width=\"768\" height=\"1024\" data-id=\"6032\" src=\"https:\/\/www.fcweissensee03.de\/V2\/wp-content\/uploads\/2025\/05\/20250501_204136000_iOS-768x1024.jpg\" alt=\"\" class=\"wp-image-6032\" srcset=\"https:\/\/www.fcweissensee03.de\/V2\/wp-content\/uploads\/2025\/05\/20250501_204136000_iOS-768x1024.jpg 768w, https:\/\/www.fcweissensee03.de\/V2\/wp-content\/uploads\/2025\/05\/20250501_204136000_iOS-225x300.jpg 225w, https:\/\/www.fcweissensee03.de\/V2\/wp-content\/uploads\/2025\/05\/20250501_204136000_iOS-1152x1536.jpg 1152w, https:\/\/www.fcweissensee03.de\/V2\/wp-content\/uploads\/2025\/05\/20250501_204136000_iOS-810x1080.jpg 810w, https:\/\/www.fcweissensee03.de\/V2\/wp-content\/uploads\/2025\/05\/20250501_204136000_iOS.jpg 1536w\" sizes=\"(max-width: 768px) 100vw, 768px\" \/><\/figure>\n\n\n\n<figure class=\"wp-block-image size-large\"><img loading=\"lazy\" decoding=\"async\" width=\"768\" height=\"1024\" data-id=\"6031\" src=\"https:\/\/www.fcweissensee03.de\/V2\/wp-content\/uploads\/2025\/05\/20250501_204136000_iOS-1-768x1024.jpg\" alt=\"\" class=\"wp-image-6031\" srcset=\"https:\/\/www.fcweissensee03.de\/V2\/wp-content\/uploads\/2025\/05\/20250501_204136000_iOS-1-768x1024.jpg 768w, https:\/\/www.fcweissensee03.de\/V2\/wp-content\/uploads\/2025\/05\/20250501_204136000_iOS-1-225x300.jpg 225w, https:\/\/www.fcweissensee03.de\/V2\/wp-content\/uploads\/2025\/05\/20250501_204136000_iOS-1-1152x1536.jpg 1152w, https:\/\/www.fcweissensee03.de\/V2\/wp-content\/uploads\/2025\/05\/20250501_204136000_iOS-1-810x1080.jpg 810w, https:\/\/www.fcweissensee03.de\/V2\/wp-content\/uploads\/2025\/05\/20250501_204136000_iOS-1.jpg 1536w\" sizes=\"(max-width: 768px) 100vw, 768px\" \/><\/figure>\n<\/figure>\n\n\n\n<p>Dort wartet nun ein echtes Fu\u00dfball-Highlight: In der Endrunde treffen unsere Talente auf klangvolle Namen wie Carl Zeiss Jena, Rot-Wei\u00df Erfurt und Lok Leipzig. Ein riesiger Erfolg f\u00fcr unsere Mannschaft \u2013 und ein weiterer Beweis daf\u00fcr, dass in Wei\u00dfensee mit Herz, Leidenschaft und Zusammenhalt hervorragender Jugendfu\u00dfball gelebt wird.<\/p>\n\n\n\n<p><strong>Herzlichen Gl\u00fcckwunsch an das gesamte Team \u2013 wir sind m\u00e4chtig stolz auf euch!<\/strong><\/p>\n","protected":false},"excerpt":{"rendered":"<p>Am 1. Mai bewies die E-Jugend des FC Wei\u00dfensee 03 beim 3. Qualifikationsturnier der Th\u00fcringer Kinderfu\u00dfballmeisterschaft 2025 in Erfurt erneut ihr K\u00f6nnen \u2013 und das auf eindrucksvolle Weise. Gegen ein stark besetztes Teilnehmerfeld von 13 Teams aus Th\u00fcringen und Sachsen zeigten unsere Nachwuchskicker Spielfreude, Einsatz und echten Teamgeist. Am Ende stand ein herausragender 2. Platz \u2013 gleichbedeutend mit dem Einzug in die Finalrunde!<\/p>\n","protected":false},"author":10,"featured_media":6039,"comment_status":"closed","ping_status":"open","sticky":false,"template":"","format":"standard","meta":{"saved_in_kubio":false,"footnotes":""},"categories":[17,72],"tags":[21,45],"class_list":["post-6097","post","type-post","status-publish","format-standard","has-post-thumbnail","hentry","category-e-jugend","category-jugend","tag-jugend","tag-turnier"],"_links":{"self":[{"href":"https:\/\/www.fcweissensee03.de\/V2\/wp-json\/wp\/v2\/posts\/6097","targetHints":{"allow":["GET"]}}],"collection":[{"href":"https:\/\/www.fcweissensee03.de\/V2\/wp-json\/wp\/v2\/posts"}],"about":[{"href":"https:\/\/www.fcweissensee03.de\/V2\/wp-json\/wp\/v2\/types\/post"}],"author":[{"embeddable":true,"href":"https:\/\/www.fcweissensee03.de\/V2\/wp-json\/wp\/v2\/users\/10"}],"replies":[{"embeddable":true,"href":"https:\/\/www.fcweissensee03.de\/V2\/wp-json\/wp\/v2\/comments?post=6097"}],"version-history":[{"count":0,"href":"https:\/\/www.fcweissensee03.de\/V2\/wp-json\/wp\/v2\/posts\/6097\/revisions"}],"wp:featuredmedia":[{"embeddable":true,"href":"https:\/\/www.fcweissensee03.de\/V2\/wp-json\/wp\/v2\/media\/6039"}],"wp:attachment":[{"href":"https:\/\/www.fcweissensee03.de\/V2\/wp-json\/wp\/v2\/media?parent=6097"}],"wp:term":[{"taxonomy":"category","embeddable":true,"href":"https:\/\/www.fcweissensee03.de\/V2\/wp-json\/wp\/v2\/categories?post=6097"},{"taxonomy":"post_tag","embeddable":true,"href":"https:\/\/www.fcweissensee03.de\/V2\/wp-json\/wp\/v2\/tags?post=6097"}],"curies":[{"name":"wp","href":"https:\/\/api.w.org\/{rel}","templated":true}]}}