{"id":4225,"date":"2024-08-14T22:06:11","date_gmt":"2024-08-14T20:06:11","guid":{"rendered":"https:\/\/www.fcweissensee03.de\/V2\/?p=4225"},"modified":"2025-01-13T09:56:03","modified_gmt":"2025-01-13T08:56:03","slug":"d-jugend-verpasst-auftaktsieg","status":"publish","type":"post","link":"https:\/\/www.fcweissensee03.de\/V2\/2024\/08\/14\/d-jugend-verpasst-auftaktsieg\/","title":{"rendered":"D-Jugend verpasst Auftaktsieg"},"content":{"rendered":"\n<p>Nach den zwei siegreichen Vorbereitungsspielen stand f\u00fcr unsere D Jugend am Wochenende das erste Pflichtspiel auf dem Programm. Als Gegner auf der Wei\u00dfenseer Ulmenallee trat die noch junge D Jugend vom FSV K\u00f6lleda e.V. an. Nicht nur die Spieler der SG Bilzingsleben\/ Wei\u00dfensee waren angespannt. Auch die Trainer und Fans hofften auf \u00e4hnlich gute Leistungen wie in der Vorbereitung.<\/p>\n\n\n\n<figure class=\"wp-block-image size-large\"><a href=\"https:\/\/www.fcweissensee03.de\/V2\/wp-content\/uploads\/2024\/08\/fbc49d06-e122-43ee-a06e-798ec846f0e9-2-1-1024x576.jpg\" target=\"_blank\" rel=\"noreferrer noopener\"><img loading=\"lazy\" decoding=\"async\" width=\"1024\" height=\"576\" src=\"https:\/\/www.fcweissensee03.de\/V2\/wp-content\/uploads\/2024\/08\/fbc49d06-e122-43ee-a06e-798ec846f0e9-2-1-1024x576.jpg\" class=\"wp-image-4221\" srcset=\"https:\/\/www.fcweissensee03.de\/V2\/wp-content\/uploads\/2024\/08\/fbc49d06-e122-43ee-a06e-798ec846f0e9-2-1-1024x576.jpg 1024w, https:\/\/www.fcweissensee03.de\/V2\/wp-content\/uploads\/2024\/08\/fbc49d06-e122-43ee-a06e-798ec846f0e9-2-1-300x169.jpg 300w, https:\/\/www.fcweissensee03.de\/V2\/wp-content\/uploads\/2024\/08\/fbc49d06-e122-43ee-a06e-798ec846f0e9-2-1-768x432.jpg 768w, https:\/\/www.fcweissensee03.de\/V2\/wp-content\/uploads\/2024\/08\/fbc49d06-e122-43ee-a06e-798ec846f0e9-2-1-1536x864.jpg 1536w, https:\/\/www.fcweissensee03.de\/V2\/wp-content\/uploads\/2024\/08\/fbc49d06-e122-43ee-a06e-798ec846f0e9-2-1-1920x1080.jpg 1920w, https:\/\/www.fcweissensee03.de\/V2\/wp-content\/uploads\/2024\/08\/fbc49d06-e122-43ee-a06e-798ec846f0e9-2-1.jpg 2000w\" sizes=\"(max-width: 1024px) 100vw, 1024px\" \/><\/a><\/figure>\n\n\n\n<p>F\u00fcr die richtige Stimmung sorgten die M\u00e4dels des Cheerleader Teams &#8222;Blue Diamonds&#8220;. Ein Novum! Denn die Gruppe, bestehend aus 6 M\u00e4dchen, gef\u00fchrt und trainiert von Sabrina K\u00e4mmerer, gr\u00fcndete sich erst vor ein paar Monaten &#8211; ganz nach dem Motto &#8222;Mehr als Fu\u00dfball&#8220;.<br>Ein vitaler Tanz vor dem Spiel und lautstarke Anfeuerungsrufe w\u00e4hrend des Spiels, motivierten Spieler und Fans.<\/p>\n\n\n\n<figure class=\"wp-block-image size-large\"><a href=\"https:\/\/www.fcweissensee03.de\/V2\/wp-content\/uploads\/2024\/08\/f921b694-c694-4c22-83da-2a91448d1ee5-2-1-1024x687.jpg\" target=\"_blank\" rel=\"noreferrer noopener\"><img loading=\"lazy\" decoding=\"async\" width=\"1024\" height=\"687\" src=\"https:\/\/www.fcweissensee03.de\/V2\/wp-content\/uploads\/2024\/08\/f921b694-c694-4c22-83da-2a91448d1ee5-2-1-1024x687.jpg\" class=\"wp-image-4222\" srcset=\"https:\/\/www.fcweissensee03.de\/V2\/wp-content\/uploads\/2024\/08\/f921b694-c694-4c22-83da-2a91448d1ee5-2-1-1024x687.jpg 1024w, https:\/\/www.fcweissensee03.de\/V2\/wp-content\/uploads\/2024\/08\/f921b694-c694-4c22-83da-2a91448d1ee5-2-1-300x201.jpg 300w, https:\/\/www.fcweissensee03.de\/V2\/wp-content\/uploads\/2024\/08\/f921b694-c694-4c22-83da-2a91448d1ee5-2-1-768x516.jpg 768w, https:\/\/www.fcweissensee03.de\/V2\/wp-content\/uploads\/2024\/08\/f921b694-c694-4c22-83da-2a91448d1ee5-2-1-1536x1031.jpg 1536w, https:\/\/www.fcweissensee03.de\/V2\/wp-content\/uploads\/2024\/08\/f921b694-c694-4c22-83da-2a91448d1ee5-2-1.jpg 1600w\" sizes=\"(max-width: 1024px) 100vw, 1024px\" \/><\/a><\/figure>\n\n\n\n<p>Das Spiel auf verk\u00fcrztem Gro\u00dffeld wurde in der ersten Halbzeit auf Augenh\u00f6he gef\u00fchrt. Viele Angriffe auf beiden Seiten, sowie hervorragende Abwehrleistungen beider Teams lie\u00df lange ein 0:0 auf der Anzeigetafel stehen. Erst kurz vor dem Halbzeitpfiff schaffte es K\u00f6lleda durch eine kleine Unaufmerksamkeit der Heimmannschaft zum F\u00fchrungstreffer.<\/p>\n\n\n\n<p>In Halbzeit 2 verlor unsere D Jugend leider den roten Faden, was dazu f\u00fchrte, dass die G\u00e4ste zu mehr Chancen kamen. Das Spiel war nun gespickt von vielen Ecken und individuellen Fehlern. Diese wandelte der FSV K\u00f6lleda gnadenlos in zwei weitere Tore um. Kurz vor Abpfiff gelang es Paul P. dann doch noch, den Ball \u00fcber die Torlinie zu dr\u00fccken.<\/p>\n\n\n\n<figure class=\"wp-block-gallery has-nested-images columns-default is-cropped wp-block-gallery-1 is-layout-flex wp-block-gallery-is-layout-flex\">\n<figure class=\"wp-block-image size-large\"><a href=\"https:\/\/www.fcweissensee03.de\/V2\/wp-content\/uploads\/2024\/08\/43534665-f075-4489-9c91-2d91989cf7b2-2-1-1024x576.jpg\" target=\"_blank\" rel=\"noreferrer noopener\"><img loading=\"lazy\" decoding=\"async\" width=\"1024\" height=\"576\" data-id=\"4223\" src=\"https:\/\/www.fcweissensee03.de\/V2\/wp-content\/uploads\/2024\/08\/43534665-f075-4489-9c91-2d91989cf7b2-2-1-1024x576.jpg\" alt=\"\" class=\"wp-image-4223\" srcset=\"https:\/\/www.fcweissensee03.de\/V2\/wp-content\/uploads\/2024\/08\/43534665-f075-4489-9c91-2d91989cf7b2-2-1-1024x576.jpg 1024w, https:\/\/www.fcweissensee03.de\/V2\/wp-content\/uploads\/2024\/08\/43534665-f075-4489-9c91-2d91989cf7b2-2-1-300x169.jpg 300w, https:\/\/www.fcweissensee03.de\/V2\/wp-content\/uploads\/2024\/08\/43534665-f075-4489-9c91-2d91989cf7b2-2-1-768x432.jpg 768w, https:\/\/www.fcweissensee03.de\/V2\/wp-content\/uploads\/2024\/08\/43534665-f075-4489-9c91-2d91989cf7b2-2-1-1536x864.jpg 1536w, https:\/\/www.fcweissensee03.de\/V2\/wp-content\/uploads\/2024\/08\/43534665-f075-4489-9c91-2d91989cf7b2-2-1-1920x1080.jpg 1920w, https:\/\/www.fcweissensee03.de\/V2\/wp-content\/uploads\/2024\/08\/43534665-f075-4489-9c91-2d91989cf7b2-2-1.jpg 2000w\" sizes=\"(max-width: 1024px) 100vw, 1024px\" \/><\/a><\/figure>\n\n\n\n<figure class=\"wp-block-image size-large\"><a href=\"https:\/\/www.fcweissensee03.de\/V2\/wp-content\/uploads\/2024\/08\/ef43acdd-752f-484f-b7e3-011b1c7898ad-2-1-1024x576.jpg\" target=\"_blank\" rel=\"noreferrer noopener\"><img loading=\"lazy\" decoding=\"async\" width=\"1024\" height=\"576\" data-id=\"4224\" src=\"https:\/\/www.fcweissensee03.de\/V2\/wp-content\/uploads\/2024\/08\/ef43acdd-752f-484f-b7e3-011b1c7898ad-2-1-1024x576.jpg\" alt=\"\" class=\"wp-image-4224\" srcset=\"https:\/\/www.fcweissensee03.de\/V2\/wp-content\/uploads\/2024\/08\/ef43acdd-752f-484f-b7e3-011b1c7898ad-2-1-1024x576.jpg 1024w, https:\/\/www.fcweissensee03.de\/V2\/wp-content\/uploads\/2024\/08\/ef43acdd-752f-484f-b7e3-011b1c7898ad-2-1-300x169.jpg 300w, https:\/\/www.fcweissensee03.de\/V2\/wp-content\/uploads\/2024\/08\/ef43acdd-752f-484f-b7e3-011b1c7898ad-2-1-768x432.jpg 768w, https:\/\/www.fcweissensee03.de\/V2\/wp-content\/uploads\/2024\/08\/ef43acdd-752f-484f-b7e3-011b1c7898ad-2-1-1536x864.jpg 1536w, https:\/\/www.fcweissensee03.de\/V2\/wp-content\/uploads\/2024\/08\/ef43acdd-752f-484f-b7e3-011b1c7898ad-2-1-1920x1080.jpg 1920w, https:\/\/www.fcweissensee03.de\/V2\/wp-content\/uploads\/2024\/08\/ef43acdd-752f-484f-b7e3-011b1c7898ad-2-1.jpg 2000w\" sizes=\"(max-width: 1024px) 100vw, 1024px\" \/><\/a><\/figure>\n<\/figure>\n\n\n\n<p>Das 1:3 auf dem Ergebnisbogen war nicht das gew\u00fcnschte Resultat. Nun hei\u00dft es Wunden lecker, weiter kr\u00e4ftig trainieren und sich auf den n\u00e4chsten Gegner Gro\u00dfrudestedt vorzubereiten.<\/p>\n","protected":false},"excerpt":{"rendered":"<p>Nach den zwei siegreichen Vorbereitungsspielen stand f\u00fcr unsere D Jugend am Wochenende das erste Pflichtspiel auf dem Programm. Als Gegner auf der Wei\u00dfenseer Ulmenallee trat die noch junge D Jugend vom FSV K\u00f6lleda e.V. an. Nicht nur die Spieler der SG Bilzingsleben\/ Wei\u00dfensee waren angespannt. Auch die Trainer und Fans hofften auf \u00e4hnlich gute Leistungen [&hellip;]<\/p>\n","protected":false},"author":10,"featured_media":4224,"comment_status":"closed","ping_status":"open","sticky":false,"template":"","format":"standard","meta":{"saved_in_kubio":false,"footnotes":""},"categories":[15,72],"tags":[21,41,32],"class_list":["post-4225","post","type-post","status-publish","format-standard","has-post-thumbnail","hentry","category-d-jugend","category-jugend","tag-jugend","tag-niederlage","tag-punktspiel"],"_links":{"self":[{"href":"https:\/\/www.fcweissensee03.de\/V2\/wp-json\/wp\/v2\/posts\/4225","targetHints":{"allow":["GET"]}}],"collection":[{"href":"https:\/\/www.fcweissensee03.de\/V2\/wp-json\/wp\/v2\/posts"}],"about":[{"href":"https:\/\/www.fcweissensee03.de\/V2\/wp-json\/wp\/v2\/types\/post"}],"author":[{"embeddable":true,"href":"https:\/\/www.fcweissensee03.de\/V2\/wp-json\/wp\/v2\/users\/10"}],"replies":[{"embeddable":true,"href":"https:\/\/www.fcweissensee03.de\/V2\/wp-json\/wp\/v2\/comments?post=4225"}],"version-history":[{"count":0,"href":"https:\/\/www.fcweissensee03.de\/V2\/wp-json\/wp\/v2\/posts\/4225\/revisions"}],"wp:featuredmedia":[{"embeddable":true,"href":"https:\/\/www.fcweissensee03.de\/V2\/wp-json\/wp\/v2\/media\/4224"}],"wp:attachment":[{"href":"https:\/\/www.fcweissensee03.de\/V2\/wp-json\/wp\/v2\/media?parent=4225"}],"wp:term":[{"taxonomy":"category","embeddable":true,"href":"https:\/\/www.fcweissensee03.de\/V2\/wp-json\/wp\/v2\/categories?post=4225"},{"taxonomy":"post_tag","embeddable":true,"href":"https:\/\/www.fcweissensee03.de\/V2\/wp-json\/wp\/v2\/tags?post=4225"}],"curies":[{"name":"wp","href":"https:\/\/api.w.org\/{rel}","templated":true}]}}