{"id":3869,"date":"2024-04-01T14:26:18","date_gmt":"2024-04-01T12:26:18","guid":{"rendered":"https:\/\/www.fcweissensee03.de\/V2\/?p=3869"},"modified":"2025-01-13T09:58:00","modified_gmt":"2025-01-13T08:58:00","slug":"30-tonnen-sand-fuer-die-rasenplaetze","status":"publish","type":"post","link":"https:\/\/www.fcweissensee03.de\/V2\/2024\/04\/01\/30-tonnen-sand-fuer-die-rasenplaetze\/","title":{"rendered":"30 Tonnen Sand f\u00fcr die Rasenpl\u00e4tze"},"content":{"rendered":"\n<p>Der FC Wei\u00dfensee hat sich in Vorbereitung auf die R\u00fcckrunde der Fu\u00dfballsaison intensiv mit der Instandsetzung seiner Rasenpl\u00e4tze besch\u00e4ftigt. Mit der Verteilung von etwa 30 Tonnen Sand auf den Spielfeldern am Fischhof und an der Ulmenallee hat der Club sicherstellen k\u00f6nnen, dass die Pl\u00e4tze in bestm\u00f6glichem Zustand sind f\u00fcr die kommenden Spiele.<\/p>\n\n\n\n<p>Dieses Projekt wurde durch die Mitarbeiter der Stadt Wei\u00dfensee Marcel H\u00f6rning und Ren\u00e9 Rothe mitsamt ihres Ger\u00e4tes unterst\u00fctzt. Der notwendige Sand wurde dankenswerterweise vom Betonwerk Wei\u00dfensee bereitgestellt. <\/p>\n\n\n\n<figure class=\"wp-block-image size-large\"><a href=\"https:\/\/www.fcweissensee03.de\/V2\/a93dd4cd-e1f4-4c33-8c7a-648a082101c1-1-jpg\/\" target=\"_blank\" rel=\"noreferrer noopener\"><img loading=\"lazy\" decoding=\"async\" width=\"1024\" height=\"461\" src=\"https:\/\/www.fcweissensee03.de\/V2\/wp-content\/uploads\/2024\/04\/a93dd4cd-e1f4-4c33-8c7a-648a082101c1-1-1024x461.jpg\" class=\"wp-image-3868\" srcset=\"https:\/\/www.fcweissensee03.de\/V2\/wp-content\/uploads\/2024\/04\/a93dd4cd-e1f4-4c33-8c7a-648a082101c1-1-1024x461.jpg 1024w, https:\/\/www.fcweissensee03.de\/V2\/wp-content\/uploads\/2024\/04\/a93dd4cd-e1f4-4c33-8c7a-648a082101c1-1-300x135.jpg 300w, https:\/\/www.fcweissensee03.de\/V2\/wp-content\/uploads\/2024\/04\/a93dd4cd-e1f4-4c33-8c7a-648a082101c1-1-768x346.jpg 768w, https:\/\/www.fcweissensee03.de\/V2\/wp-content\/uploads\/2024\/04\/a93dd4cd-e1f4-4c33-8c7a-648a082101c1-1-1536x692.jpg 1536w, https:\/\/www.fcweissensee03.de\/V2\/wp-content\/uploads\/2024\/04\/a93dd4cd-e1f4-4c33-8c7a-648a082101c1-1.jpg 1600w\" sizes=\"(max-width: 1024px) 100vw, 1024px\" \/><\/a><\/figure>\n\n\n\n<p>Dank dieser gemeinsamen Anstrengungen sind die Fu\u00dfballpl\u00e4tze des FC Wei\u00dfensee nun in ausgezeichnetem Zustand und bereit f\u00fcr die Herausforderungen der R\u00fcckrunde.<\/p>\n\n\n\n<p>Weiterhin wurden in der Vor-Oster-Woche au\u00dferdem weitere Vorbereitungen f\u00fcr das lange geplante Osterfeuer durchgef\u00fchrt. Hierbei unterst\u00fctzte im Schwerpunkt die HISTA mit schwerem Ger\u00e4t beim Umsetzen und Aufrichten der Feuerstelle.<\/p>\n\n\n\n<figure class=\"wp-block-gallery has-nested-images columns-default is-cropped wp-block-gallery-1 is-layout-flex wp-block-gallery-is-layout-flex\">\n<figure class=\"wp-block-image\"><a href=\"https:\/\/www.fcweissensee03.de\/V2\/8e8072ad-b13a-486a-85c9-cf89c920a9c2-1-jpg\/\" target=\"_blank\" rel=\"noreferrer noopener\"><img loading=\"lazy\" decoding=\"async\" width=\"1024\" height=\"461\" data-id=\"3867\" src=\"https:\/\/www.fcweissensee03.de\/V2\/wp-content\/uploads\/2024\/04\/8e8072ad-b13a-486a-85c9-cf89c920a9c2-1-1024x461.jpg\" alt=\"\" class=\"wp-image-3867\" srcset=\"https:\/\/www.fcweissensee03.de\/V2\/wp-content\/uploads\/2024\/04\/8e8072ad-b13a-486a-85c9-cf89c920a9c2-1-1024x461.jpg 1024w, https:\/\/www.fcweissensee03.de\/V2\/wp-content\/uploads\/2024\/04\/8e8072ad-b13a-486a-85c9-cf89c920a9c2-1-300x135.jpg 300w, https:\/\/www.fcweissensee03.de\/V2\/wp-content\/uploads\/2024\/04\/8e8072ad-b13a-486a-85c9-cf89c920a9c2-1-768x346.jpg 768w, https:\/\/www.fcweissensee03.de\/V2\/wp-content\/uploads\/2024\/04\/8e8072ad-b13a-486a-85c9-cf89c920a9c2-1-1536x692.jpg 1536w, https:\/\/www.fcweissensee03.de\/V2\/wp-content\/uploads\/2024\/04\/8e8072ad-b13a-486a-85c9-cf89c920a9c2-1.jpg 2000w\" sizes=\"(max-width: 1024px) 100vw, 1024px\" \/><\/a><\/figure>\n\n\n\n<figure class=\"wp-block-image\"><a href=\"https:\/\/www.fcweissensee03.de\/V2\/16c9ff69-2a2b-41d8-a843-da0e2377cf1d-1-jpg\/\" target=\"_blank\" rel=\"noreferrer noopener\"><img loading=\"lazy\" decoding=\"async\" width=\"461\" height=\"1024\" data-id=\"3866\" src=\"https:\/\/www.fcweissensee03.de\/V2\/wp-content\/uploads\/2024\/04\/16c9ff69-2a2b-41d8-a843-da0e2377cf1d-1-461x1024.jpg\" alt=\"\" class=\"wp-image-3866\" srcset=\"https:\/\/www.fcweissensee03.de\/V2\/wp-content\/uploads\/2024\/04\/16c9ff69-2a2b-41d8-a843-da0e2377cf1d-1-461x1024.jpg 461w, https:\/\/www.fcweissensee03.de\/V2\/wp-content\/uploads\/2024\/04\/16c9ff69-2a2b-41d8-a843-da0e2377cf1d-1-135x300.jpg 135w, https:\/\/www.fcweissensee03.de\/V2\/wp-content\/uploads\/2024\/04\/16c9ff69-2a2b-41d8-a843-da0e2377cf1d-1-768x1705.jpg 768w, https:\/\/www.fcweissensee03.de\/V2\/wp-content\/uploads\/2024\/04\/16c9ff69-2a2b-41d8-a843-da0e2377cf1d-1-692x1536.jpg 692w, https:\/\/www.fcweissensee03.de\/V2\/wp-content\/uploads\/2024\/04\/16c9ff69-2a2b-41d8-a843-da0e2377cf1d-1.jpg 901w\" sizes=\"(max-width: 461px) 100vw, 461px\" \/><\/a><\/figure>\n<\/figure>\n\n\n\n<p>Hier zeigt sich, wie Teamwork und lokale Kooperation zu gro\u00dfartigen Ergebnissen f\u00fchren k\u00f6nnen.<\/p>\n","protected":false},"excerpt":{"rendered":"<p>Der FC Wei\u00dfensee hat sich in Vorbereitung auf die R\u00fcckrunde der Fu\u00dfballsaison intensiv mit der Instandsetzung seiner Rasenpl\u00e4tze besch\u00e4ftigt. Mit der Verteilung von etwa 30 Tonnen Sand auf den Spielfeldern am Fischhof und an der Ulmenallee hat der Club sicherstellen k\u00f6nnen, dass die Pl\u00e4tze in bestm\u00f6glichem Zustand sind f\u00fcr die kommenden Spiele. Dieses Projekt wurde [&hellip;]<\/p>\n","protected":false},"author":10,"featured_media":3867,"comment_status":"closed","ping_status":"open","sticky":false,"template":"","format":"standard","meta":{"saved_in_kubio":false,"footnotes":""},"categories":[12],"tags":[40],"class_list":["post-3869","post","type-post","status-publish","format-standard","has-post-thumbnail","hentry","category-verein","tag-allgemeines"],"_links":{"self":[{"href":"https:\/\/www.fcweissensee03.de\/V2\/wp-json\/wp\/v2\/posts\/3869","targetHints":{"allow":["GET"]}}],"collection":[{"href":"https:\/\/www.fcweissensee03.de\/V2\/wp-json\/wp\/v2\/posts"}],"about":[{"href":"https:\/\/www.fcweissensee03.de\/V2\/wp-json\/wp\/v2\/types\/post"}],"author":[{"embeddable":true,"href":"https:\/\/www.fcweissensee03.de\/V2\/wp-json\/wp\/v2\/users\/10"}],"replies":[{"embeddable":true,"href":"https:\/\/www.fcweissensee03.de\/V2\/wp-json\/wp\/v2\/comments?post=3869"}],"version-history":[{"count":0,"href":"https:\/\/www.fcweissensee03.de\/V2\/wp-json\/wp\/v2\/posts\/3869\/revisions"}],"wp:featuredmedia":[{"embeddable":true,"href":"https:\/\/www.fcweissensee03.de\/V2\/wp-json\/wp\/v2\/media\/3867"}],"wp:attachment":[{"href":"https:\/\/www.fcweissensee03.de\/V2\/wp-json\/wp\/v2\/media?parent=3869"}],"wp:term":[{"taxonomy":"category","embeddable":true,"href":"https:\/\/www.fcweissensee03.de\/V2\/wp-json\/wp\/v2\/categories?post=3869"},{"taxonomy":"post_tag","embeddable":true,"href":"https:\/\/www.fcweissensee03.de\/V2\/wp-json\/wp\/v2\/tags?post=3869"}],"curies":[{"name":"wp","href":"https:\/\/api.w.org\/{rel}","templated":true}]}}