{"id":3754,"date":"2023-10-29T08:23:51","date_gmt":"2023-10-29T07:23:51","guid":{"rendered":"https:\/\/www.fcweissensee03.de\/V2\/?p=3754"},"modified":"2025-01-13T09:58:41","modified_gmt":"2025-01-13T08:58:41","slug":"c-lizenz-verlaengerungsschulung-in-kalbsrieth","status":"publish","type":"post","link":"https:\/\/www.fcweissensee03.de\/V2\/2023\/10\/29\/c-lizenz-verlaengerungsschulung-in-kalbsrieth\/","title":{"rendered":"C-Lizenz Verl\u00e4ngerungsschulung in Kalbsrieth"},"content":{"rendered":"\n<p>Am Wochenende des 27. und 28. Oktober 2023 fand auf dem Sportplatz in Kalbsrieth eine hochinteressante C-Lizenz Verl\u00e4ngerungsschulung statt. Diese Veranstaltung wurde von Lars Ackermann, dem Vorsitzenden der Qualifizierung beim Nordth\u00fcringer Kreisfu\u00dfballausschuss, dem Kreislehrwart des NTKFA geleitet. Eine Gruppe engagierter C-Trainer des FC Wei\u00dfensee 03, bestehend aus Daniel Koch, Andreas Papesch, Marco Pergelt und Tim Scheinpflug, nutzte diese Gelegenheit, um ihre C-Lizenzen zu verl\u00e4ngern und somit ihre Qualifikationen im Bereich Fu\u00dfballtraining zu vertiefen.<\/p>\n\n\n\n<figure class=\"wp-block-image size-large\"><a href=\"https:\/\/www.fcweissensee03.de\/V2\/img-20231028-wa0007-1-jpg\/\" target=\"_blank\" rel=\"noreferrer noopener\"><img loading=\"lazy\" decoding=\"async\" width=\"709\" height=\"471\" src=\"https:\/\/www.fcweissensee03.de\/V2\/wp-content\/uploads\/2023\/10\/img-20231028-wa0007-1.jpg\" class=\"wp-image-3753\" srcset=\"https:\/\/www.fcweissensee03.de\/V2\/wp-content\/uploads\/2023\/10\/img-20231028-wa0007-1.jpg 709w, https:\/\/www.fcweissensee03.de\/V2\/wp-content\/uploads\/2023\/10\/img-20231028-wa0007-1-300x199.jpg 300w\" sizes=\"(max-width: 709px) 100vw, 709px\" \/><\/a><\/figure>\n\n\n\n<p>Die Schulung bot den Trainern eine Gelegenheit, ihre F\u00e4higkeiten zu verbessern und ihre Kenntnisse im Fu\u00dfball zu erweitern. Unter der fachkundigen Anleitung von Lars Ackermann konnten sie ihr Wissen \u00fcber die neuesten Trainingsmethoden, Taktiken und Strategien vertiefen. Die praktischen \u00dcbungen auf dem Platz erm\u00f6glichten den Teilnehmern, ihre F\u00e4higkeiten im Umgang mit den Spielern zu sch\u00e4rfen und neue innovative \u00dcbungen kennenzulernen. Die Teilnehmer zeigten sich hochmotiviert und begeistert von den Lehrinhalten sowie der M\u00f6glichkeit, Erfahrungen auszutauschen und neue Kontakte in der Fu\u00dfballgemeinschaft zu kn\u00fcpfen. Die Schulung wurde von einem starken Gemeinschaftsgef\u00fchl begleitet, und die Teilnehmer kehrten mit frischem Wissen und neuer Energie in ihre Vereine zur\u00fcck.<\/p>\n\n\n\n<p>F\u00fcr den FC Wei\u00dfensee 03 ist die Weiterbildung seiner Trainer von entscheidender Bedeutung, um die Qualit\u00e4t des Trainings f\u00fcr die Jugendmannschaften sicherzustellen. Durch den Erwerb und die Verl\u00e4ngerung der C-Lizenzen wird nicht nur das technische K\u00f6nnen der Trainer gest\u00e4rkt, sondern auch ihre F\u00e4higkeit, junge Talente zu f\u00f6rdern und zu entwickeln. Dies ist von grundlegender Bedeutung f\u00fcr die Zukunft des Vereins, da die Jugendabteilung oft als Herzst\u00fcck eines Fu\u00dfballvereins angesehen wird. Der FC Wei\u00dfensee 03 kann stolz auf seine engagierten Trainer blicken, die nicht nur auf dem Platz, sondern auch neben dem Platz hart arbeiten, um sicherzustellen, dass der Verein auf sportlicher Ebene kontinuierlich w\u00e4chst.<\/p>\n\n\n\n<p>Der Verein ist stolz darauf, solch engagierte Trainer in seinen Reihen zu haben und freut sich darauf, die positiven Auswirkungen dieser Schulung auf die Entwicklung seiner jungen Fu\u00dfballtalente zu sehen.<\/p>\n","protected":false},"excerpt":{"rendered":"<p>Am Wochenende des 27. und 28. Oktober 2023 fand auf dem Sportplatz in Kalbsrieth eine hochinteressante C-Lizenz Verl\u00e4ngerungsschulung statt. Diese Veranstaltung wurde von Lars Ackermann, dem Vorsitzenden der Qualifizierung beim Nordth\u00fcringer Kreisfu\u00dfballausschuss, dem Kreislehrwart des NTKFA geleitet. Eine Gruppe engagierter C-Trainer des FC Wei\u00dfensee 03, bestehend aus Daniel Koch, Andreas Papesch, Marco Pergelt und Tim [&hellip;]<\/p>\n","protected":false},"author":10,"featured_media":3753,"comment_status":"closed","ping_status":"open","sticky":false,"template":"","format":"standard","meta":{"saved_in_kubio":false,"footnotes":""},"categories":[72,12],"tags":[40,21,51],"class_list":["post-3754","post","type-post","status-publish","format-standard","has-post-thumbnail","hentry","category-jugend","category-verein","tag-allgemeines","tag-jugend","tag-schulung"],"_links":{"self":[{"href":"https:\/\/www.fcweissensee03.de\/V2\/wp-json\/wp\/v2\/posts\/3754","targetHints":{"allow":["GET"]}}],"collection":[{"href":"https:\/\/www.fcweissensee03.de\/V2\/wp-json\/wp\/v2\/posts"}],"about":[{"href":"https:\/\/www.fcweissensee03.de\/V2\/wp-json\/wp\/v2\/types\/post"}],"author":[{"embeddable":true,"href":"https:\/\/www.fcweissensee03.de\/V2\/wp-json\/wp\/v2\/users\/10"}],"replies":[{"embeddable":true,"href":"https:\/\/www.fcweissensee03.de\/V2\/wp-json\/wp\/v2\/comments?post=3754"}],"version-history":[{"count":0,"href":"https:\/\/www.fcweissensee03.de\/V2\/wp-json\/wp\/v2\/posts\/3754\/revisions"}],"wp:featuredmedia":[{"embeddable":true,"href":"https:\/\/www.fcweissensee03.de\/V2\/wp-json\/wp\/v2\/media\/3753"}],"wp:attachment":[{"href":"https:\/\/www.fcweissensee03.de\/V2\/wp-json\/wp\/v2\/media?parent=3754"}],"wp:term":[{"taxonomy":"category","embeddable":true,"href":"https:\/\/www.fcweissensee03.de\/V2\/wp-json\/wp\/v2\/categories?post=3754"},{"taxonomy":"post_tag","embeddable":true,"href":"https:\/\/www.fcweissensee03.de\/V2\/wp-json\/wp\/v2\/tags?post=3754"}],"curies":[{"name":"wp","href":"https:\/\/api.w.org\/{rel}","templated":true}]}}