{"id":3717,"date":"2023-09-15T15:58:15","date_gmt":"2023-09-15T13:58:15","guid":{"rendered":"https:\/\/www.fcweissensee03.de\/V2\/?p=3717"},"modified":"2025-01-13T09:55:00","modified_gmt":"2025-01-13T08:55:00","slug":"sarah-vonnoe-eine-engagierte-physiotherapeutin-mit-herz-fuer-den-fc-weissensee-03","status":"publish","type":"post","link":"https:\/\/www.fcweissensee03.de\/V2\/2023\/09\/15\/sarah-vonnoe-eine-engagierte-physiotherapeutin-mit-herz-fuer-den-fc-weissensee-03\/","title":{"rendered":"Sarah Vonnoe &#8211; Eine engagierte Physiotherapeutin mit Herz f\u00fcr den FC Wei\u00dfensee 03"},"content":{"rendered":"\n<p>Seit dem 1. November 2011 ist die Physiotherapiepraxis von Sarah Vonnoe ein unverzichtbarer Bestandteil der Gesundheitsversorgung in Wei\u00dfensee. Mit ihrem fachlichen K\u00f6nnen und ihrem herzlichen Engagement hat sie nicht nur zahlreichen Patienten geholfen, sondern auch einen bleibenden Eindruck in der Region hinterlassen. Aktuell arbeiten vier Mitarbeiterinnen und Mitarbeiter in ihrer Praxis, die sich gemeinsam f\u00fcr das Wohl ihrer Patienten einsetzen.<\/p>\n\n\n\n<figure class=\"wp-block-image size-large\"><a href=\"https:\/\/www.fcweissensee03.de\/V2\/20230828_182554-jpg\/\" target=\"_blank\" rel=\"noreferrer noopener\"><img loading=\"lazy\" decoding=\"async\" width=\"768\" height=\"1024\" src=\"https:\/\/www.fcweissensee03.de\/V2\/wp-content\/uploads\/2023\/09\/20230828_182554-768x1024.jpg\" alt=\"\" class=\"wp-image-3715\" srcset=\"https:\/\/www.fcweissensee03.de\/V2\/wp-content\/uploads\/2023\/09\/20230828_182554-768x1024.jpg 768w, https:\/\/www.fcweissensee03.de\/V2\/wp-content\/uploads\/2023\/09\/20230828_182554-225x300.jpg 225w, https:\/\/www.fcweissensee03.de\/V2\/wp-content\/uploads\/2023\/09\/20230828_182554-1152x1536.jpg 1152w, https:\/\/www.fcweissensee03.de\/V2\/wp-content\/uploads\/2023\/09\/20230828_182554-1536x2048.jpg 1536w, https:\/\/www.fcweissensee03.de\/V2\/wp-content\/uploads\/2023\/09\/20230828_182554-scaled.jpg 1920w\" sizes=\"(max-width: 768px) 100vw, 768px\" \/><\/a><\/figure>\n\n\n\n<p>Neben ihrer beruflichen T\u00e4tigkeit setzt sich Sarah Vonnoe seit vielen Jahren auch f\u00fcr den FC Wei\u00dfensee 03 ein. Der Verein spielt eine wichtige Rolle im Gemeinschaftsleben von Wei\u00dfensee und f\u00f6rdert den Teamgeist und die sportliche Entwicklung der Jugend. Sarahs Unterst\u00fctzung zeigt sich nicht nur in Worten, sondern auch in Taten.&nbsp;<\/p>\n\n\n\n<p>Eine der neuesten Gro\u00dfz\u00fcgigkeiten von Sarah ist die Spende von hochwertigen Zugrucks\u00e4cken f\u00fcr die B-Junioren der Spielgemeinschaft des FC Wei\u00dfensee 03 mit dem TSV 1990 Bilzingsleben. <\/p>\n\n\n\n<figure class=\"wp-block-image size-large\"><a href=\"https:\/\/www.fcweissensee03.de\/V2\/20230828_182251-jpg\/\" target=\"_blank\" rel=\"noreferrer noopener\"><img loading=\"lazy\" decoding=\"async\" width=\"1024\" height=\"768\" src=\"https:\/\/www.fcweissensee03.de\/V2\/wp-content\/uploads\/2023\/09\/20230828_182251-1024x768.jpg\" alt=\"\" class=\"wp-image-3716\" srcset=\"https:\/\/www.fcweissensee03.de\/V2\/wp-content\/uploads\/2023\/09\/20230828_182251-1024x768.jpg 1024w, https:\/\/www.fcweissensee03.de\/V2\/wp-content\/uploads\/2023\/09\/20230828_182251-300x225.jpg 300w, https:\/\/www.fcweissensee03.de\/V2\/wp-content\/uploads\/2023\/09\/20230828_182251-768x576.jpg 768w, https:\/\/www.fcweissensee03.de\/V2\/wp-content\/uploads\/2023\/09\/20230828_182251-1536x1152.jpg 1536w, https:\/\/www.fcweissensee03.de\/V2\/wp-content\/uploads\/2023\/09\/20230828_182251-2048x1536.jpg 2048w\" sizes=\"(max-width: 1024px) 100vw, 1024px\" \/><\/a><\/figure>\n\n\n\n<p>Der FC Wei\u00dfensee 03 ist zutiefst dankbar f\u00fcr Sarah Vonnoes anhaltende Unterst\u00fctzung. Die Jugendlichen und ihre Trainer wissen die Geste sehr zu sch\u00e4tzen<\/p>\n\n\n\n<p>Liebe Sarah, im Namen des FC Wei\u00dfensee 03 m\u00f6chte wir dir danken. Du zeigst, dass du nicht nur eine hervorragende Physiotherapeutin, sondern auch eine wunderbare Unterst\u00fctzerin deiner Gemeinschaft bist. Deine Taten haben einen nachhaltigen positiven Einfluss auf die Menschen hier, und wir sch\u00e4tzen uns gl\u00fccklich, dich in unserer Mitte zu haben.<\/p>\n\n\n\n<p>M\u00f6ge dein Einsatz f\u00fcr die Gesundheit und das Wohlbefinden der Menschen in Wei\u00dfensee sowie deine Unterst\u00fctzung f\u00fcr den FC Wei\u00dfensee 03 weiterhin Fr\u00fcchte tragen und viele Menschen inspirieren, Gutes zu tun.<\/p>\n\n\n\n<p>Vielen Dank, liebe Sarah, f\u00fcr deine Unterst\u00fctzung und dein gro\u00dfes Herz!<\/p>\n","protected":false},"excerpt":{"rendered":"<p>Seit dem 1. November 2011 ist die Physiotherapiepraxis von Sarah Vonnoe ein unverzichtbarer Bestandteil der Gesundheitsversorgung in Wei\u00dfensee. Mit ihrem fachlichen K\u00f6nnen und ihrem herzlichen Engagement hat sie nicht nur zahlreichen Patienten geholfen, sondern auch einen bleibenden Eindruck in der Region hinterlassen. Aktuell arbeiten vier Mitarbeiterinnen und Mitarbeiter in ihrer Praxis, die sich gemeinsam f\u00fcr [&hellip;]<\/p>\n","protected":false},"author":10,"featured_media":3716,"comment_status":"closed","ping_status":"open","sticky":false,"template":"","format":"standard","meta":{"saved_in_kubio":false,"footnotes":""},"categories":[44,72,12],"tags":[40,21,50],"class_list":["post-3717","post","type-post","status-publish","format-standard","has-post-thumbnail","hentry","category-b-jugend","category-jugend","category-verein","tag-allgemeines","tag-jugend","tag-sponsor"],"_links":{"self":[{"href":"https:\/\/www.fcweissensee03.de\/V2\/wp-json\/wp\/v2\/posts\/3717","targetHints":{"allow":["GET"]}}],"collection":[{"href":"https:\/\/www.fcweissensee03.de\/V2\/wp-json\/wp\/v2\/posts"}],"about":[{"href":"https:\/\/www.fcweissensee03.de\/V2\/wp-json\/wp\/v2\/types\/post"}],"author":[{"embeddable":true,"href":"https:\/\/www.fcweissensee03.de\/V2\/wp-json\/wp\/v2\/users\/10"}],"replies":[{"embeddable":true,"href":"https:\/\/www.fcweissensee03.de\/V2\/wp-json\/wp\/v2\/comments?post=3717"}],"version-history":[{"count":0,"href":"https:\/\/www.fcweissensee03.de\/V2\/wp-json\/wp\/v2\/posts\/3717\/revisions"}],"wp:featuredmedia":[{"embeddable":true,"href":"https:\/\/www.fcweissensee03.de\/V2\/wp-json\/wp\/v2\/media\/3716"}],"wp:attachment":[{"href":"https:\/\/www.fcweissensee03.de\/V2\/wp-json\/wp\/v2\/media?parent=3717"}],"wp:term":[{"taxonomy":"category","embeddable":true,"href":"https:\/\/www.fcweissensee03.de\/V2\/wp-json\/wp\/v2\/categories?post=3717"},{"taxonomy":"post_tag","embeddable":true,"href":"https:\/\/www.fcweissensee03.de\/V2\/wp-json\/wp\/v2\/tags?post=3717"}],"curies":[{"name":"wp","href":"https:\/\/api.w.org\/{rel}","templated":true}]}}