{"id":3650,"date":"2023-08-23T21:11:03","date_gmt":"2023-08-23T19:11:03","guid":{"rendered":"https:\/\/www.fcweissensee03.de\/V2\/?p=3650"},"modified":"2025-01-13T09:57:08","modified_gmt":"2025-01-13T08:57:08","slug":"wir-suchen-uli-stein-ronaldo-oder-matthaeus","status":"publish","type":"post","link":"https:\/\/www.fcweissensee03.de\/V2\/2023\/08\/23\/wir-suchen-uli-stein-ronaldo-oder-matthaeus\/","title":{"rendered":"Wir suchen Uli Stein, Ronaldo oder Matth\u00e4us"},"content":{"rendered":"\n<p>Leider haben wir ein Problem mit unserem M\u00e4nnerkader in der Saison 2037\/2038. Da wir dann bereits in der europ\u00e4ischen Superleague spielen wollen, ben\u00f6tigen wir eine h\u00e4ngende Spitze, einen Abr\u00e4umer vor oder hinter der Abwehr und einen Strafraumakrobaten, um konkurrenzf\u00e4hig gegen die Hochkar\u00e4ter aus Saudi-Arabien und Katar mithalten zu k\u00f6nnen.<\/p>\n\n\n\n<figure class=\"wp-block-image size-large\"><img loading=\"lazy\" decoding=\"async\" width=\"1024\" height=\"768\" src=\"https:\/\/www.fcweissensee03.de\/V2\/wp-content\/uploads\/2023\/08\/d4fc9e62-4af8-4370-8def-645fd5e94e4a.jpg\" class=\"wp-image-3649\" srcset=\"https:\/\/www.fcweissensee03.de\/V2\/wp-content\/uploads\/2023\/08\/d4fc9e62-4af8-4370-8def-645fd5e94e4a.jpg 1024w, https:\/\/www.fcweissensee03.de\/V2\/wp-content\/uploads\/2023\/08\/d4fc9e62-4af8-4370-8def-645fd5e94e4a-300x225.jpg 300w, https:\/\/www.fcweissensee03.de\/V2\/wp-content\/uploads\/2023\/08\/d4fc9e62-4af8-4370-8def-645fd5e94e4a-768x576.jpg 768w\" sizes=\"(max-width: 1024px) 100vw, 1024px\" \/><\/figure>\n\n\n\n<p>Deshalb, aber auch weil wir Spa\u00df an Bewegung und dem gemeinsamen Erleben haben, suchen wir Kinder im Alter zwischen 4 und 6 Jahren f\u00fcr unsere G-Junioren. Wir trainieren jeweils Montags und Mittwochs von 17:00 bis 18:15 an der Ulmenallee.<\/p>\n\n\n\n<p>Im Vordergrund steht bei uns der Spa\u00df am Fu\u00dfball. Durch spielerisches Lernen vermitteln wir Ballkoordination, Ballf\u00fchrung und die Regeln des Funinios. Letzte Saison haben wir einige Niederlagen eingesteckt, aber auch das geh\u00f6rt dazu und wir geben nicht auf. <\/p>\n\n\n\n<p>Wir bauen unsere Trainingseinheiten aufeinander auf, so dass unser Training nicht langweilig wird.<\/p>\n\n\n\n<p><\/p>\n","protected":false},"excerpt":{"rendered":"<p>Leider haben wir ein Problem mit unserem M\u00e4nnerkader in der Saison 2037\/2038. Da wir dann bereits in der europ\u00e4ischen Superleague spielen wollen, ben\u00f6tigen wir eine h\u00e4ngende Spitze, einen Abr\u00e4umer vor oder hinter der Abwehr und einen Strafraumakrobaten, um konkurrenzf\u00e4hig gegen die Hochkar\u00e4ter aus Saudi-Arabien und Katar mithalten zu k\u00f6nnen. Deshalb, aber auch weil wir Spa\u00df [&hellip;]<\/p>\n","protected":false},"author":10,"featured_media":3649,"comment_status":"closed","ping_status":"open","sticky":false,"template":"","format":"standard","meta":{"saved_in_kubio":false,"footnotes":""},"categories":[16,72],"tags":[40,21],"class_list":["post-3650","post","type-post","status-publish","format-standard","has-post-thumbnail","hentry","category-g-jugend","category-jugend","tag-allgemeines","tag-jugend"],"_links":{"self":[{"href":"https:\/\/www.fcweissensee03.de\/V2\/wp-json\/wp\/v2\/posts\/3650","targetHints":{"allow":["GET"]}}],"collection":[{"href":"https:\/\/www.fcweissensee03.de\/V2\/wp-json\/wp\/v2\/posts"}],"about":[{"href":"https:\/\/www.fcweissensee03.de\/V2\/wp-json\/wp\/v2\/types\/post"}],"author":[{"embeddable":true,"href":"https:\/\/www.fcweissensee03.de\/V2\/wp-json\/wp\/v2\/users\/10"}],"replies":[{"embeddable":true,"href":"https:\/\/www.fcweissensee03.de\/V2\/wp-json\/wp\/v2\/comments?post=3650"}],"version-history":[{"count":0,"href":"https:\/\/www.fcweissensee03.de\/V2\/wp-json\/wp\/v2\/posts\/3650\/revisions"}],"wp:featuredmedia":[{"embeddable":true,"href":"https:\/\/www.fcweissensee03.de\/V2\/wp-json\/wp\/v2\/media\/3649"}],"wp:attachment":[{"href":"https:\/\/www.fcweissensee03.de\/V2\/wp-json\/wp\/v2\/media?parent=3650"}],"wp:term":[{"taxonomy":"category","embeddable":true,"href":"https:\/\/www.fcweissensee03.de\/V2\/wp-json\/wp\/v2\/categories?post=3650"},{"taxonomy":"post_tag","embeddable":true,"href":"https:\/\/www.fcweissensee03.de\/V2\/wp-json\/wp\/v2\/tags?post=3650"}],"curies":[{"name":"wp","href":"https:\/\/api.w.org\/{rel}","templated":true}]}}