{"id":3620,"date":"2023-06-29T16:03:49","date_gmt":"2023-06-29T14:03:49","guid":{"rendered":"https:\/\/www.fcweissensee03.de\/V2\/?p=3620"},"modified":"2025-01-13T09:56:48","modified_gmt":"2025-01-13T08:56:48","slug":"f-jugend-wir-turniersieger","status":"publish","type":"post","link":"https:\/\/www.fcweissensee03.de\/V2\/2023\/06\/29\/f-jugend-wir-turniersieger\/","title":{"rendered":"F-Jugend wird Turniersieger"},"content":{"rendered":"\n<p>Als Trainer des FC Wei\u00dfensee 03 beim 2. Fliesen Beck Cup 2023 f\u00fcr die F-Junioren sind wir sehr stolz auf die Leistung unserer Mannschaft. Das Turnier fand am Sonntag, den 25. Juni 2023, auf der Sportanlage Ulmenallee in Wei\u00dfensee statt und wurde vom FC Wei\u00dfensee 03 anl\u00e4sslich des 20-j\u00e4hrigen Vereinsjubil\u00e4ums veranstaltet.<\/p>\n\n\n\n<p>Unsere Spieler haben in jedem Spiel ihr Bestes gegeben und eine beeindruckende Leistung gezeigt. Im ersten Spiel trafen wir auf LSG 80 Oberheldrungen und erreichten ein Unentschieden von 1:1. Obwohl wir nicht als Sieger vom Platz gingen, haben wir uns gegen einen starken Gegner gut behauptet.<\/p>\n\n\n\n<figure class=\"wp-block-image size-large\"><img loading=\"lazy\" decoding=\"async\" width=\"683\" height=\"1024\" src=\"https:\/\/www.fcweissensee03.de\/V2\/wp-content\/uploads\/2023\/06\/5d70c9cb-0c11-4223-a72b-8a3539eb3c30-1-683x1024.jpg\" alt=\"\" class=\"wp-image-3617\" srcset=\"https:\/\/www.fcweissensee03.de\/V2\/wp-content\/uploads\/2023\/06\/5d70c9cb-0c11-4223-a72b-8a3539eb3c30-1-683x1024.jpg 683w, https:\/\/www.fcweissensee03.de\/V2\/wp-content\/uploads\/2023\/06\/5d70c9cb-0c11-4223-a72b-8a3539eb3c30-1-200x300.jpg 200w, https:\/\/www.fcweissensee03.de\/V2\/wp-content\/uploads\/2023\/06\/5d70c9cb-0c11-4223-a72b-8a3539eb3c30-1-768x1152.jpg 768w, https:\/\/www.fcweissensee03.de\/V2\/wp-content\/uploads\/2023\/06\/5d70c9cb-0c11-4223-a72b-8a3539eb3c30-1-1024x1536.jpg 1024w, https:\/\/www.fcweissensee03.de\/V2\/wp-content\/uploads\/2023\/06\/5d70c9cb-0c11-4223-a72b-8a3539eb3c30-1.jpg 1067w\" sizes=\"(max-width: 683px) 100vw, 683px\" \/><\/figure>\n\n\n\n<p>Im darauffolgenden Spiel gegen TSV Motor Gispersleben zeigten unsere Spieler gro\u00dfe Entschlossenheit und Teamgeist. Das Spiel endete mit einem verdienten 2:1-Sieg f\u00fcr den FC Wei\u00dfensee 03. Dieser Sieg hat uns zus\u00e4tzlichen Auftrieb gegeben und das Selbstvertrauen unserer Spieler gest\u00e4rkt.<\/p>\n\n\n\n<p>Im weiteren Verlauf des Turniers setzten wir unseren positiven Trend fort. Gegen SV Blau-Wei\u00df Greu\u00dfen II erzielten wir einen \u00fcberzeugenden 4:0-Sieg. Auch das Spiel gegen SV Blau-Wei\u00df Greu\u00dfen I war hart umk\u00e4mpft, doch unsere Spieler bewiesen gro\u00dfe Kampfbereitschaft und konnten das Spiel mit 1:0 f\u00fcr sich entscheiden.<\/p>\n\n\n\n<p>Im letzten Spiel des Turniers trafen wir auf FV Blau-Wei\u00df Niederzimmern. Es war ein spannendes Duell, bei dem unsere Mannschaft bis zum Schluss k\u00e4mpfte. Am Ende belohnten wir uns mit einem knappen 1:0-Sieg, der unseren herausragenden Turnierverlauf kr\u00f6nte.<\/p>\n\n\n\n<figure class=\"wp-block-image size-large\"><img loading=\"lazy\" decoding=\"async\" width=\"1024\" height=\"683\" src=\"https:\/\/www.fcweissensee03.de\/V2\/wp-content\/uploads\/2023\/06\/800b0f4e-71d2-4c22-8d63-c9ab0b0c68fd-1024x683.jpg\" alt=\"\" class=\"wp-image-3618\" srcset=\"https:\/\/www.fcweissensee03.de\/V2\/wp-content\/uploads\/2023\/06\/800b0f4e-71d2-4c22-8d63-c9ab0b0c68fd-1024x683.jpg 1024w, https:\/\/www.fcweissensee03.de\/V2\/wp-content\/uploads\/2023\/06\/800b0f4e-71d2-4c22-8d63-c9ab0b0c68fd-300x200.jpg 300w, https:\/\/www.fcweissensee03.de\/V2\/wp-content\/uploads\/2023\/06\/800b0f4e-71d2-4c22-8d63-c9ab0b0c68fd-768x512.jpg 768w, https:\/\/www.fcweissensee03.de\/V2\/wp-content\/uploads\/2023\/06\/800b0f4e-71d2-4c22-8d63-c9ab0b0c68fd-1536x1024.jpg 1536w, https:\/\/www.fcweissensee03.de\/V2\/wp-content\/uploads\/2023\/06\/800b0f4e-71d2-4c22-8d63-c9ab0b0c68fd.jpg 1600w\" sizes=\"(max-width: 1024px) 100vw, 1024px\" \/><\/figure>\n\n\n\n<p>Wir m\u00f6chten allen Spielern unseren Dank aussprechen, die mit gro\u00dfem Einsatz und Leidenschaft gespielt haben. Jeder Einzelne hat einen wichtigen Beitrag zum Erfolg des Teams geleistet. Die Spieler haben die taktischen Vorgaben gut umgesetzt und ihre individuellen St\u00e4rken gezeigt.<\/p>\n\n\n\n<figure class=\"wp-block-image size-large\"><img loading=\"lazy\" decoding=\"async\" width=\"1024\" height=\"682\" src=\"https:\/\/www.fcweissensee03.de\/V2\/wp-content\/uploads\/2023\/06\/f826bbf0-9c42-4ceb-815a-7e374519a28e-1024x682.jpg\" alt=\"\" class=\"wp-image-3619\" srcset=\"https:\/\/www.fcweissensee03.de\/V2\/wp-content\/uploads\/2023\/06\/f826bbf0-9c42-4ceb-815a-7e374519a28e-1024x682.jpg 1024w, https:\/\/www.fcweissensee03.de\/V2\/wp-content\/uploads\/2023\/06\/f826bbf0-9c42-4ceb-815a-7e374519a28e-300x200.jpg 300w, https:\/\/www.fcweissensee03.de\/V2\/wp-content\/uploads\/2023\/06\/f826bbf0-9c42-4ceb-815a-7e374519a28e-768x512.jpg 768w, https:\/\/www.fcweissensee03.de\/V2\/wp-content\/uploads\/2023\/06\/f826bbf0-9c42-4ceb-815a-7e374519a28e-1536x1023.jpg 1536w, https:\/\/www.fcweissensee03.de\/V2\/wp-content\/uploads\/2023\/06\/f826bbf0-9c42-4ceb-815a-7e374519a28e.jpg 1600w\" sizes=\"(max-width: 1024px) 100vw, 1024px\" \/><\/figure>\n\n\n\n<p>Der 2. Fliesen Beck Cup 2023 war f\u00fcr den FC Wei\u00dfensee 03 ein gro\u00dfer Erfolg und wird uns noch lange in Erinnerung bleiben. Als Trainer sind wir unglaublich stolz auf unsere Spieler und freuen uns \u00fcber ihren Erfolg. Wir werden weiterhin hart arbeiten, um die Entwicklung unserer Spieler voranzutreiben und sie auf zuk\u00fcnftige Herausforderungen vorzubereiten.<\/p>\n\n\n\n<p>Ein besonderer Dank geht auch an die Turnierleitung, die vielen flei\u00dfigen Helfer und alle Eltern die zu einem spannenden und fairen Turnier beigetragen haben. Wir freuen uns bereits auf zuk\u00fcnftige Turniere und die M\u00f6glichkeit, das Potenzial unserer Spieler weiter zu entfalten.<\/p>\n\n\n\n<p>Trainerteam:<\/p>\n\n\n\n<ul class=\"wp-block-list\">\n<li>Tim Felgentreff<\/li>\n\n\n\n<li>Marc Ulzenheimer<\/li>\n<\/ul>\n\n\n\n<p>Bericht: Marc Ulzenheimer<\/p>\n","protected":false},"excerpt":{"rendered":"<p>Als Trainer des FC Wei\u00dfensee 03 beim 2. Fliesen Beck Cup 2023 f\u00fcr die F-Junioren sind wir sehr stolz auf die Leistung unserer Mannschaft. Das Turnier fand am Sonntag, den 25. Juni 2023, auf der Sportanlage Ulmenallee in Wei\u00dfensee statt und wurde vom FC Wei\u00dfensee 03 anl\u00e4sslich des 20-j\u00e4hrigen Vereinsjubil\u00e4ums veranstaltet. Unsere Spieler haben in [&hellip;]<\/p>\n","protected":false},"author":10,"featured_media":3618,"comment_status":"closed","ping_status":"open","sticky":false,"template":"","format":"standard","meta":{"saved_in_kubio":false,"footnotes":""},"categories":[13,72],"tags":[22,38,21,49,45],"class_list":["post-3620","post","type-post","status-publish","format-standard","has-post-thumbnail","hentry","category-f-jugend","category-jugend","tag-festwoche","tag-heimsieg","tag-jugend","tag-pokalsieg","tag-turnier"],"_links":{"self":[{"href":"https:\/\/www.fcweissensee03.de\/V2\/wp-json\/wp\/v2\/posts\/3620","targetHints":{"allow":["GET"]}}],"collection":[{"href":"https:\/\/www.fcweissensee03.de\/V2\/wp-json\/wp\/v2\/posts"}],"about":[{"href":"https:\/\/www.fcweissensee03.de\/V2\/wp-json\/wp\/v2\/types\/post"}],"author":[{"embeddable":true,"href":"https:\/\/www.fcweissensee03.de\/V2\/wp-json\/wp\/v2\/users\/10"}],"replies":[{"embeddable":true,"href":"https:\/\/www.fcweissensee03.de\/V2\/wp-json\/wp\/v2\/comments?post=3620"}],"version-history":[{"count":0,"href":"https:\/\/www.fcweissensee03.de\/V2\/wp-json\/wp\/v2\/posts\/3620\/revisions"}],"wp:featuredmedia":[{"embeddable":true,"href":"https:\/\/www.fcweissensee03.de\/V2\/wp-json\/wp\/v2\/media\/3618"}],"wp:attachment":[{"href":"https:\/\/www.fcweissensee03.de\/V2\/wp-json\/wp\/v2\/media?parent=3620"}],"wp:term":[{"taxonomy":"category","embeddable":true,"href":"https:\/\/www.fcweissensee03.de\/V2\/wp-json\/wp\/v2\/categories?post=3620"},{"taxonomy":"post_tag","embeddable":true,"href":"https:\/\/www.fcweissensee03.de\/V2\/wp-json\/wp\/v2\/tags?post=3620"}],"curies":[{"name":"wp","href":"https:\/\/api.w.org\/{rel}","templated":true}]}}