{"id":3329,"date":"2023-03-15T16:14:44","date_gmt":"2023-03-15T15:14:44","guid":{"rendered":"https:\/\/www.fcweissensee03.de\/V2\/?p=3329"},"modified":"2025-01-17T14:25:16","modified_gmt":"2025-01-17T13:25:16","slug":"kampf-und-einstellung-haben-gestimmt","status":"publish","type":"post","link":"https:\/\/www.fcweissensee03.de\/V2\/2023\/03\/15\/kampf-und-einstellung-haben-gestimmt\/","title":{"rendered":"Kampf und Einstellung haben gestimmt"},"content":{"rendered":"\n<p>Dies war das Fazit nach dem Spiel der Herren vom FC Wei\u00dfensee 03\/SG Kindelbr\u00fccker SV II. Der Platz lie\u00df sich nicht viel besser als in der Vorwoche bespielen, eher noch schlechter. Den G\u00e4sten aus Buttst\u00e4dt\/Gro\u00dfbrembach kam es gelegen, dass Ihre 1. Mannschaft spielfrei hatte. Somit konnten ausgew\u00e4hlte Spieler die &#8222;Zweite&#8220; unterst\u00fctzen. <\/p>\n\n\n\n<figure class=\"wp-block-gallery columns-2 is-cropped wp-block-gallery-1 is-layout-flex wp-block-gallery-is-layout-flex\"><ul class=\"blocks-gallery-grid\"><li class=\"blocks-gallery-item\"><figure><img loading=\"lazy\" decoding=\"async\" width=\"1024\" height=\"576\" src=\"https:\/\/www.fcweissensee03.de\/V2\/wp-content\/uploads\/2023\/03\/19495201-f4e4-4ec6-85b7-053d1cbceeb5-1024x576.jpg\" data-id=\"3337\" class=\"wp-image-3337\" srcset=\"https:\/\/www.fcweissensee03.de\/V2\/wp-content\/uploads\/2023\/03\/19495201-f4e4-4ec6-85b7-053d1cbceeb5-1024x576.jpg 1024w, https:\/\/www.fcweissensee03.de\/V2\/wp-content\/uploads\/2023\/03\/19495201-f4e4-4ec6-85b7-053d1cbceeb5-300x169.jpg 300w, https:\/\/www.fcweissensee03.de\/V2\/wp-content\/uploads\/2023\/03\/19495201-f4e4-4ec6-85b7-053d1cbceeb5-768x432.jpg 768w, https:\/\/www.fcweissensee03.de\/V2\/wp-content\/uploads\/2023\/03\/19495201-f4e4-4ec6-85b7-053d1cbceeb5-1536x864.jpg 1536w, https:\/\/www.fcweissensee03.de\/V2\/wp-content\/uploads\/2023\/03\/19495201-f4e4-4ec6-85b7-053d1cbceeb5.jpg 2048w\" sizes=\"(max-width: 1024px) 100vw, 1024px\" \/><\/figure><\/li><li class=\"blocks-gallery-item\"><figure><img loading=\"lazy\" decoding=\"async\" width=\"1024\" height=\"576\" src=\"https:\/\/www.fcweissensee03.de\/V2\/wp-content\/uploads\/2023\/03\/c14bd8a2-fc78-42dd-a125-92b7c88a8fa0-1-1024x576.jpg\" data-id=\"3338\" class=\"wp-image-3338\" srcset=\"https:\/\/www.fcweissensee03.de\/V2\/wp-content\/uploads\/2023\/03\/c14bd8a2-fc78-42dd-a125-92b7c88a8fa0-1-1024x576.jpg 1024w, https:\/\/www.fcweissensee03.de\/V2\/wp-content\/uploads\/2023\/03\/c14bd8a2-fc78-42dd-a125-92b7c88a8fa0-1-300x169.jpg 300w, https:\/\/www.fcweissensee03.de\/V2\/wp-content\/uploads\/2023\/03\/c14bd8a2-fc78-42dd-a125-92b7c88a8fa0-1-768x432.jpg 768w, https:\/\/www.fcweissensee03.de\/V2\/wp-content\/uploads\/2023\/03\/c14bd8a2-fc78-42dd-a125-92b7c88a8fa0-1-1536x864.jpg 1536w, https:\/\/www.fcweissensee03.de\/V2\/wp-content\/uploads\/2023\/03\/c14bd8a2-fc78-42dd-a125-92b7c88a8fa0-1.jpg 2048w\" sizes=\"(max-width: 1024px) 100vw, 1024px\" \/><\/figure><\/li><\/ul><\/figure>\n\n\n\n<p>Es war insgesamt ein sehr ausgeglichenes Spiel. Die 1. Halbzeit ging jedoch verdient an die Hausherren, in welcher Toni K\u00f6hler sehenswert das 1:0 erzielte. Er traf den Ball satt und platzierte ihn aus ca. 20 m ins linke untere Eck. Da hatte der Torh\u00fcter keine Chance. Auch in der Folge gelangen Toni einige sch\u00f6ne Abschl\u00fcsse aus der Distanz. Leider hatte dabei ein wenig das Abschlussgl\u00fcck gefehlt. In H\u00e4lfte zwei kamen die G\u00e4ste viel besser ins Spiel und erspielten sich einige Torchancen. In der 64. Spielminute kamen Sie infolgedessen zum Ausgleich durch Reuter. Wei\u00dfensee tat sich deutlich schwerer, es war nun das besagte Kampfspiel. Der K.O. erfolgte mit dem Doppelschlag durch Grobe in den letzten 5 Minuten des Spiels. Das Spiel endete mit 1:3. Am Ende geht das Spielergebnis dennoch in Ordnung, da vor allem der zweiten H\u00e4lfte das Chancenplus und die Feldvorteile bei der Gastmannschaft lagen. In der kommenden Woche geht es zum Ausw\u00e4rtsspiel bei der TSV 1906 Tunzenhausen. Danke an die ca. 50 Zuschauer! Wir hoffen, dass Ihr uns n\u00e4chste Woche ausw\u00e4rts in Tunzenhausen wieder genauso unterst\u00fctzt.<\/p>\n\n\n\n<figure class=\"wp-block-gallery columns-2 is-cropped wp-block-gallery-2 is-layout-flex wp-block-gallery-is-layout-flex\"><ul class=\"blocks-gallery-grid\"><li class=\"blocks-gallery-item\"><figure><img loading=\"lazy\" decoding=\"async\" width=\"576\" height=\"1024\" src=\"https:\/\/www.fcweissensee03.de\/V2\/wp-content\/uploads\/2023\/03\/5e106e49-98aa-4ed8-8a59-702bc607c2de-576x1024.jpg\" data-id=\"3339\" class=\"wp-image-3339\" srcset=\"https:\/\/www.fcweissensee03.de\/V2\/wp-content\/uploads\/2023\/03\/5e106e49-98aa-4ed8-8a59-702bc607c2de-576x1024.jpg 576w, https:\/\/www.fcweissensee03.de\/V2\/wp-content\/uploads\/2023\/03\/5e106e49-98aa-4ed8-8a59-702bc607c2de-169x300.jpg 169w, https:\/\/www.fcweissensee03.de\/V2\/wp-content\/uploads\/2023\/03\/5e106e49-98aa-4ed8-8a59-702bc607c2de-768x1365.jpg 768w, https:\/\/www.fcweissensee03.de\/V2\/wp-content\/uploads\/2023\/03\/5e106e49-98aa-4ed8-8a59-702bc607c2de-864x1536.jpg 864w, https:\/\/www.fcweissensee03.de\/V2\/wp-content\/uploads\/2023\/03\/5e106e49-98aa-4ed8-8a59-702bc607c2de.jpg 1152w\" sizes=\"(max-width: 576px) 100vw, 576px\" \/><\/figure><\/li><li class=\"blocks-gallery-item\"><figure><img loading=\"lazy\" decoding=\"async\" width=\"1024\" height=\"576\" src=\"https:\/\/www.fcweissensee03.de\/V2\/wp-content\/uploads\/2023\/03\/773f2fc1-6997-43e7-be04-dabd814572ff-1024x576.jpg\" data-id=\"3340\" class=\"wp-image-3340\" srcset=\"https:\/\/www.fcweissensee03.de\/V2\/wp-content\/uploads\/2023\/03\/773f2fc1-6997-43e7-be04-dabd814572ff-1024x576.jpg 1024w, https:\/\/www.fcweissensee03.de\/V2\/wp-content\/uploads\/2023\/03\/773f2fc1-6997-43e7-be04-dabd814572ff-300x169.jpg 300w, https:\/\/www.fcweissensee03.de\/V2\/wp-content\/uploads\/2023\/03\/773f2fc1-6997-43e7-be04-dabd814572ff-768x432.jpg 768w, https:\/\/www.fcweissensee03.de\/V2\/wp-content\/uploads\/2023\/03\/773f2fc1-6997-43e7-be04-dabd814572ff-1536x864.jpg 1536w, https:\/\/www.fcweissensee03.de\/V2\/wp-content\/uploads\/2023\/03\/773f2fc1-6997-43e7-be04-dabd814572ff.jpg 2048w\" sizes=\"(max-width: 1024px) 100vw, 1024px\" \/><\/figure><\/li><\/ul><\/figure>\n\n\n\n<p>Tom Schn\u00fcrer<\/p>\n","protected":false},"excerpt":{"rendered":"<p>Dies war das Fazit nach dem Spiel der Herren vom FC Wei\u00dfensee 03\/SG Kindelbr\u00fccker SV II. Der Platz lie\u00df sich nicht viel besser als in der Vorwoche bespielen, eher noch schlechter. Den G\u00e4sten aus Buttst\u00e4dt\/Gro\u00dfbrembach kam es gelegen, dass Ihre 1. Mannschaft spielfrei hatte. Somit konnten ausgew\u00e4hlte Spieler die &#8222;Zweite&#8220; unterst\u00fctzen. Es war insgesamt ein [&hellip;]<\/p>\n","protected":false},"author":10,"featured_media":3337,"comment_status":"closed","ping_status":"open","sticky":false,"template":"","format":"standard","meta":{"saved_in_kubio":false,"footnotes":""},"categories":[14,75],"tags":[39,41,32],"class_list":["post-3329","post","type-post","status-publish","format-standard","has-post-thumbnail","hentry","category-herren","category-teams","tag-maenner","tag-niederlage","tag-punktspiel"],"_links":{"self":[{"href":"https:\/\/www.fcweissensee03.de\/V2\/wp-json\/wp\/v2\/posts\/3329","targetHints":{"allow":["GET"]}}],"collection":[{"href":"https:\/\/www.fcweissensee03.de\/V2\/wp-json\/wp\/v2\/posts"}],"about":[{"href":"https:\/\/www.fcweissensee03.de\/V2\/wp-json\/wp\/v2\/types\/post"}],"author":[{"embeddable":true,"href":"https:\/\/www.fcweissensee03.de\/V2\/wp-json\/wp\/v2\/users\/10"}],"replies":[{"embeddable":true,"href":"https:\/\/www.fcweissensee03.de\/V2\/wp-json\/wp\/v2\/comments?post=3329"}],"version-history":[{"count":0,"href":"https:\/\/www.fcweissensee03.de\/V2\/wp-json\/wp\/v2\/posts\/3329\/revisions"}],"wp:featuredmedia":[{"embeddable":true,"href":"https:\/\/www.fcweissensee03.de\/V2\/wp-json\/wp\/v2\/media\/3337"}],"wp:attachment":[{"href":"https:\/\/www.fcweissensee03.de\/V2\/wp-json\/wp\/v2\/media?parent=3329"}],"wp:term":[{"taxonomy":"category","embeddable":true,"href":"https:\/\/www.fcweissensee03.de\/V2\/wp-json\/wp\/v2\/categories?post=3329"},{"taxonomy":"post_tag","embeddable":true,"href":"https:\/\/www.fcweissensee03.de\/V2\/wp-json\/wp\/v2\/tags?post=3329"}],"curies":[{"name":"wp","href":"https:\/\/api.w.org\/{rel}","templated":true}]}}