{"id":3327,"date":"2023-03-12T14:51:45","date_gmt":"2023-03-12T13:51:45","guid":{"rendered":"https:\/\/www.fcweissensee03.de\/V2\/?p=3327"},"modified":"2025-01-13T09:56:48","modified_gmt":"2025-01-13T08:56:48","slug":"f-jugend-derbysieger","status":"publish","type":"post","link":"https:\/\/www.fcweissensee03.de\/V2\/2023\/03\/12\/f-jugend-derbysieger\/","title":{"rendered":"F-Jugend Derbysieger"},"content":{"rendered":"\n<p>Wenn es in der Mutter aller Derbys am gestrigen Abend schon keinen Sieger geben durfte, so dann doch aber im zweitwichtigsten Derby des Landes. Unsere F-Jugend von Tim Felgentreff und Marc Ulzenheimer war noch vor dem mitt\u00e4glichen Sonntagsbraten zum R\u00fcckrundenauftakt beim FSV S\u00f6mmerda gefordert.<\/p>\n\n\n\n<figure class=\"wp-block-gallery columns-2 is-cropped wp-block-gallery-1 is-layout-flex wp-block-gallery-is-layout-flex\"><ul class=\"blocks-gallery-grid\"><li class=\"blocks-gallery-item\"><figure><img loading=\"lazy\" decoding=\"async\" width=\"1024\" height=\"768\" src=\"https:\/\/www.fcweissensee03.de\/V2\/wp-content\/uploads\/2023\/03\/e39edc1f-a9e5-465f-a5f0-3d5959668c6b-1024x768.jpg\" data-id=\"3326\" class=\"wp-image-3326\" srcset=\"https:\/\/www.fcweissensee03.de\/V2\/wp-content\/uploads\/2023\/03\/e39edc1f-a9e5-465f-a5f0-3d5959668c6b-1024x768.jpg 1024w, https:\/\/www.fcweissensee03.de\/V2\/wp-content\/uploads\/2023\/03\/e39edc1f-a9e5-465f-a5f0-3d5959668c6b-300x225.jpg 300w, https:\/\/www.fcweissensee03.de\/V2\/wp-content\/uploads\/2023\/03\/e39edc1f-a9e5-465f-a5f0-3d5959668c6b-768x576.jpg 768w, https:\/\/www.fcweissensee03.de\/V2\/wp-content\/uploads\/2023\/03\/e39edc1f-a9e5-465f-a5f0-3d5959668c6b-1536x1152.jpg 1536w, https:\/\/www.fcweissensee03.de\/V2\/wp-content\/uploads\/2023\/03\/e39edc1f-a9e5-465f-a5f0-3d5959668c6b.jpg 2048w\" sizes=\"(max-width: 1024px) 100vw, 1024px\" \/><\/figure><\/li><li class=\"blocks-gallery-item\"><figure><img loading=\"lazy\" decoding=\"async\" width=\"1024\" height=\"768\" src=\"https:\/\/www.fcweissensee03.de\/V2\/wp-content\/uploads\/2023\/03\/a5eb40b5-3c19-4eaf-9667-8eb3e00343c8-1024x768.jpg\" data-id=\"3325\" class=\"wp-image-3325\" srcset=\"https:\/\/www.fcweissensee03.de\/V2\/wp-content\/uploads\/2023\/03\/a5eb40b5-3c19-4eaf-9667-8eb3e00343c8-1024x768.jpg 1024w, https:\/\/www.fcweissensee03.de\/V2\/wp-content\/uploads\/2023\/03\/a5eb40b5-3c19-4eaf-9667-8eb3e00343c8-300x225.jpg 300w, https:\/\/www.fcweissensee03.de\/V2\/wp-content\/uploads\/2023\/03\/a5eb40b5-3c19-4eaf-9667-8eb3e00343c8-768x576.jpg 768w, https:\/\/www.fcweissensee03.de\/V2\/wp-content\/uploads\/2023\/03\/a5eb40b5-3c19-4eaf-9667-8eb3e00343c8-1536x1152.jpg 1536w, https:\/\/www.fcweissensee03.de\/V2\/wp-content\/uploads\/2023\/03\/a5eb40b5-3c19-4eaf-9667-8eb3e00343c8.jpg 1600w\" sizes=\"(max-width: 1024px) 100vw, 1024px\" \/><\/figure><\/li><\/ul><\/figure>\n\n\n\n<p>Auf dem Kunstrasen vom Kurt-Neubert-Sportpark zeigte die F-Jugend nach anf\u00e4nglicher Nervosit\u00e4t tolle Kombinationen und sehenswerte Tore. Am Ende belohnte sich die Mannschaft mit einem deutlichen 0 zu 6 Sieg gegen die F2 vom FSV S\u00f6mmerda. In die Torsch\u00fctzenliste konnten sich Theo R\u00f6der (2), Jonas Kaiser (2), Edward Huth und Moritz Felgentreff eintragen.<\/p>\n\n\n\n<p>Es spielten:<br \/>Elias, Paul, Jarla, Henry D., Theo, Edward, Moritz, Jonas K. und Jonas W.<\/p>\n\n\n\n<p>Autor: Marc Ulzenheimer <\/p>\n","protected":false},"excerpt":{"rendered":"<p>Wenn es in der Mutter aller Derbys am gestrigen Abend schon keinen Sieger geben durfte, so dann doch aber im zweitwichtigsten Derby des Landes. Unsere F-Jugend von Tim Felgentreff und Marc Ulzenheimer war noch vor dem mitt\u00e4glichen Sonntagsbraten zum R\u00fcckrundenauftakt beim FSV S\u00f6mmerda gefordert. Auf dem Kunstrasen vom Kurt-Neubert-Sportpark zeigte die F-Jugend nach anf\u00e4nglicher Nervosit\u00e4t [&hellip;]<\/p>\n","protected":false},"author":10,"featured_media":0,"comment_status":"closed","ping_status":"open","sticky":false,"template":"","format":"standard","meta":{"saved_in_kubio":false,"footnotes":""},"categories":[13,72],"tags":[21,32],"class_list":["post-3327","post","type-post","status-publish","format-standard","hentry","category-f-jugend","category-jugend","tag-jugend","tag-punktspiel"],"_links":{"self":[{"href":"https:\/\/www.fcweissensee03.de\/V2\/wp-json\/wp\/v2\/posts\/3327","targetHints":{"allow":["GET"]}}],"collection":[{"href":"https:\/\/www.fcweissensee03.de\/V2\/wp-json\/wp\/v2\/posts"}],"about":[{"href":"https:\/\/www.fcweissensee03.de\/V2\/wp-json\/wp\/v2\/types\/post"}],"author":[{"embeddable":true,"href":"https:\/\/www.fcweissensee03.de\/V2\/wp-json\/wp\/v2\/users\/10"}],"replies":[{"embeddable":true,"href":"https:\/\/www.fcweissensee03.de\/V2\/wp-json\/wp\/v2\/comments?post=3327"}],"version-history":[{"count":0,"href":"https:\/\/www.fcweissensee03.de\/V2\/wp-json\/wp\/v2\/posts\/3327\/revisions"}],"wp:attachment":[{"href":"https:\/\/www.fcweissensee03.de\/V2\/wp-json\/wp\/v2\/media?parent=3327"}],"wp:term":[{"taxonomy":"category","embeddable":true,"href":"https:\/\/www.fcweissensee03.de\/V2\/wp-json\/wp\/v2\/categories?post=3327"},{"taxonomy":"post_tag","embeddable":true,"href":"https:\/\/www.fcweissensee03.de\/V2\/wp-json\/wp\/v2\/tags?post=3327"}],"curies":[{"name":"wp","href":"https:\/\/api.w.org\/{rel}","templated":true}]}}