{"id":3286,"date":"2023-03-12T13:34:04","date_gmt":"2023-03-12T12:34:04","guid":{"rendered":"https:\/\/www.fcweissensee03.de\/V2\/?p=3286"},"modified":"2025-01-13T09:58:01","modified_gmt":"2025-01-13T08:58:01","slug":"mitgliederversammlung-maerz-2023","status":"publish","type":"post","link":"https:\/\/www.fcweissensee03.de\/V2\/2023\/03\/12\/mitgliederversammlung-maerz-2023\/","title":{"rendered":"Mitgliederversammlung M\u00e4rz 2023"},"content":{"rendered":"\n<p>Das Pr\u00e4sidium hatte am 10. M\u00e4rz zur Mitgliederversammlung geladen. Absicht war es, einerseits die letzten 12 Monate Revue passieren zu lassen und einen Ausblick in das kommende Jahr zu wagen. Dar\u00fcber hinaus wurden diverse Veranstaltungen in den kommenden Monaten in den Fokus ger\u00fcckt, sowie die finanzielle Situation des Vereins beleuchtet. Etwa 30 Vereinsmitglieder (von 73 \u00dc18) sind dem Ruf der Einladung gefolgt. Besonders hervorzuheben war die erstmalig zahlreiche Teilnahme der A-Junioren Spieler &#8211; gerne weiter so.<\/p>\n\n\n\n<figure class=\"wp-block-image size-large\"><img loading=\"lazy\" decoding=\"async\" width=\"768\" height=\"1024\" src=\"https:\/\/www.fcweissensee03.de\/V2\/wp-content\/uploads\/2023\/03\/img_3119-768x1024.jpg\" alt=\"\" class=\"wp-image-3310\" srcset=\"https:\/\/www.fcweissensee03.de\/V2\/wp-content\/uploads\/2023\/03\/img_3119-768x1024.jpg 768w, https:\/\/www.fcweissensee03.de\/V2\/wp-content\/uploads\/2023\/03\/img_3119-225x300.jpg 225w, https:\/\/www.fcweissensee03.de\/V2\/wp-content\/uploads\/2023\/03\/img_3119-1152x1536.jpg 1152w, https:\/\/www.fcweissensee03.de\/V2\/wp-content\/uploads\/2023\/03\/img_3119-1536x2048.jpg 1536w, https:\/\/www.fcweissensee03.de\/V2\/wp-content\/uploads\/2023\/03\/img_3119-scaled.jpg 1920w\" sizes=\"(max-width: 768px) 100vw, 768px\" \/><\/figure>\n\n\n\n<p>Im Einzelnen gab es zun\u00e4chst \u00e4u\u00dferst viel Lob f\u00fcr alle Mannschaften im Spielbetrieb, gibt es diese mittlerweile immerhin in allen Jugendklassen bis hin zur Altherrenmannschaft. Hierzu muss jedoch auch erw\u00e4hnt werden, dass dies nahezu in allen Bereichen ausschlie\u00dflich durch die Verbindung mit anderen Mannschaften des Kreises auf der Basis einer Spielgemeinschaft gelingt. Der Pr\u00e4sident Christopher Metz stellte dar\u00fcber hinaus die These auf, dass perspektivisch nur noch dort Vereine am Leben bleiben werden, wo gleichzeitig auch gesicherter Schulbetrieb in Form von weiterf\u00fchrenden Schulen besteht. Die Lage in Wei\u00dfensee ist daher sicherlich grunds\u00e4tzlich als zukunftstr\u00e4chtig zu bezeichnen, wird man jedoch immer auch aufmerksam beobachten m\u00fcssen, was in allen weiteren St\u00e4dten des Kreises passiert. <\/p>\n\n\n\n<p>Dar\u00fcber hinaus wurden die beiden langj\u00e4hrig ehrenamtlich Aktiven G\u00fcnther Habermann und Udo D\u00fcnnebeil mit neuer Vereinsbekleidung ausgestattet. Dies wird zus\u00e4tzlich demn\u00e4chst nachgeholt mit Wilfried Gahr, der zur Versammlung nicht vor Ort sein konnte. Hiermit m\u00f6chte der Verein Dankesch\u00f6n f\u00fcr jahrelange Treue aber vor allem die hohe Einsatzbereitschaft und das st\u00e4ndige Bereitstehen sagen. Beide stehen in unterschiedlichen Funktionen immer wieder parat und unterst\u00fctzen an allen Ecken und Enden. <\/p>\n\n\n\n<p>Lieber G\u00fcnther, lieber Udo und lieber Wilfried, vielen Dank euch Drei! Wir hoffen sehr, dass ihr uns noch lange zur Seite stehen k\u00f6nnt. <\/p>\n\n\n\n<figure class=\"wp-block-image size-large\"><img loading=\"lazy\" decoding=\"async\" width=\"1024\" height=\"768\" src=\"https:\/\/www.fcweissensee03.de\/V2\/wp-content\/uploads\/2023\/03\/img_3122-1024x768.jpg\" alt=\"\" class=\"wp-image-3308\" srcset=\"https:\/\/www.fcweissensee03.de\/V2\/wp-content\/uploads\/2023\/03\/img_3122-1024x768.jpg 1024w, https:\/\/www.fcweissensee03.de\/V2\/wp-content\/uploads\/2023\/03\/img_3122-300x225.jpg 300w, https:\/\/www.fcweissensee03.de\/V2\/wp-content\/uploads\/2023\/03\/img_3122-768x576.jpg 768w, https:\/\/www.fcweissensee03.de\/V2\/wp-content\/uploads\/2023\/03\/img_3122-1536x1152.jpg 1536w, https:\/\/www.fcweissensee03.de\/V2\/wp-content\/uploads\/2023\/03\/img_3122-2048x1536.jpg 2048w\" sizes=\"(max-width: 1024px) 100vw, 1024px\" \/><\/figure>\n\n\n\n<p>Im Anschluss leitete der Pr\u00e4sident \u00fcber zur \u00dcberarbeitung der <a rel=\"noreferrer noopener\" href=\"https:\/\/www.fcweissensee03.de\/V2\/wp-content\/uploads\/2023\/03\/FC-Weiaensee-03-Beitragsordnung.pdf\" target=\"_blank\">Beitragsordnung<\/a> und verschiedenster weiterer Dokumente. Unter anderem wurde der <a rel=\"noreferrer noopener\" href=\"https:\/\/www.fcweissensee03.de\/V2\/wp-content\/uploads\/2023\/03\/FC-Weiaensee-03-Mitgliedsantrag-1.pdf\" target=\"_blank\">Mitgliedsantrag<\/a> angepasst und vereinfacht. Alle neuen Dokumente sind auch <a href=\"https:\/\/www.fcweissensee03.de\/V2\/dokumente\/\">hier<\/a> abrufbar. Gleichzeitig informierte Christopher dar\u00fcber, wie zeitlich intensiv vor allem sein erstes Jahr als Pr\u00e4sident gewesen ist. Zuk\u00fcnftig soll die Arbeit des Vorstands auf weitere Schultern verteilt werden. Entsprechend wurden drei weitere Funktionstr\u00e4ger noch einmal besonders herausgehoben. Bereits seit einiger Zeit \u00fcbernimmt Marco Pergelt die Aufgabe des Jugendkoordinators. Danny K\u00f6hler \u00fcbernimmt seit Neuestem die Aufgabe des Zeugwarts und ist hierbei vor allem auch das Bindeglied f\u00fcr s\u00e4mtliche Beschaffungen, wie bspw. Trainings- und Mannschaftsbekleidung. Dar\u00fcber hinaus \u00fcbernimmt Marc Dettler das Arbeitspaket \u00d6ffentlichkeitsarbeit. <\/p>\n\n\n\n<figure class=\"wp-block-image size-large\"><img loading=\"lazy\" decoding=\"async\" width=\"1024\" height=\"768\" src=\"https:\/\/www.fcweissensee03.de\/V2\/wp-content\/uploads\/2023\/03\/img_3123-1024x768.jpg\" alt=\"\" class=\"wp-image-3309\" srcset=\"https:\/\/www.fcweissensee03.de\/V2\/wp-content\/uploads\/2023\/03\/img_3123-1024x768.jpg 1024w, https:\/\/www.fcweissensee03.de\/V2\/wp-content\/uploads\/2023\/03\/img_3123-300x225.jpg 300w, https:\/\/www.fcweissensee03.de\/V2\/wp-content\/uploads\/2023\/03\/img_3123-768x576.jpg 768w, https:\/\/www.fcweissensee03.de\/V2\/wp-content\/uploads\/2023\/03\/img_3123-1536x1152.jpg 1536w, https:\/\/www.fcweissensee03.de\/V2\/wp-content\/uploads\/2023\/03\/img_3123-2048x1536.jpg 2048w\" sizes=\"(max-width: 1024px) 100vw, 1024px\" \/><\/figure>\n\n\n\n<p>Das letzte Thema des Abends waren die bevorstehenden Veranstaltungen im Jahr 2023. Hierzu geh\u00f6ren unter anderem das Osterfeuer am 08. April sowie die Jubil\u00e4umswoche zum 20j\u00e4hrigen Vereinsjubil\u00e4um. Zu beiden Veranstaltungen wird es noch einmal einzelne Beitr\u00e4ge geben. <\/p>\n","protected":false},"excerpt":{"rendered":"<p>Das Pr\u00e4sidium hatte am 10. M\u00e4rz zur Mitgliederversammlung geladen. Absicht war es, einerseits die letzten 12 Monate Revue passieren zu lassen und einen Ausblick in das kommende Jahr zu wagen. Dar\u00fcber hinaus wurden diverse Veranstaltungen in den kommenden Monaten in den Fokus ger\u00fcckt, sowie die finanzielle Situation des Vereins beleuchtet. Etwa 30 Vereinsmitglieder (von 73 [&hellip;]<\/p>\n","protected":false},"author":10,"featured_media":3311,"comment_status":"closed","ping_status":"open","sticky":false,"template":"","format":"standard","meta":{"saved_in_kubio":false,"footnotes":""},"categories":[12],"tags":[40,37],"class_list":["post-3286","post","type-post","status-publish","format-standard","has-post-thumbnail","hentry","category-verein","tag-allgemeines","tag-versammlung"],"_links":{"self":[{"href":"https:\/\/www.fcweissensee03.de\/V2\/wp-json\/wp\/v2\/posts\/3286","targetHints":{"allow":["GET"]}}],"collection":[{"href":"https:\/\/www.fcweissensee03.de\/V2\/wp-json\/wp\/v2\/posts"}],"about":[{"href":"https:\/\/www.fcweissensee03.de\/V2\/wp-json\/wp\/v2\/types\/post"}],"author":[{"embeddable":true,"href":"https:\/\/www.fcweissensee03.de\/V2\/wp-json\/wp\/v2\/users\/10"}],"replies":[{"embeddable":true,"href":"https:\/\/www.fcweissensee03.de\/V2\/wp-json\/wp\/v2\/comments?post=3286"}],"version-history":[{"count":0,"href":"https:\/\/www.fcweissensee03.de\/V2\/wp-json\/wp\/v2\/posts\/3286\/revisions"}],"wp:featuredmedia":[{"embeddable":true,"href":"https:\/\/www.fcweissensee03.de\/V2\/wp-json\/wp\/v2\/media\/3311"}],"wp:attachment":[{"href":"https:\/\/www.fcweissensee03.de\/V2\/wp-json\/wp\/v2\/media?parent=3286"}],"wp:term":[{"taxonomy":"category","embeddable":true,"href":"https:\/\/www.fcweissensee03.de\/V2\/wp-json\/wp\/v2\/categories?post=3286"},{"taxonomy":"post_tag","embeddable":true,"href":"https:\/\/www.fcweissensee03.de\/V2\/wp-json\/wp\/v2\/tags?post=3286"}],"curies":[{"name":"wp","href":"https:\/\/api.w.org\/{rel}","templated":true}]}}