{"id":3182,"date":"2023-01-09T21:35:03","date_gmt":"2023-01-09T20:35:03","guid":{"rendered":"https:\/\/www.fcweissensee03.de\/V2\/?p=3182"},"modified":"2025-01-13T10:02:26","modified_gmt":"2025-01-13T09:02:26","slug":"2-pokalspezialist-cup-des-fc-weissensee-03","status":"publish","type":"post","link":"https:\/\/www.fcweissensee03.de\/V2\/2023\/01\/09\/2-pokalspezialist-cup-des-fc-weissensee-03\/","title":{"rendered":"2. Pokalspezialist-Cup des FC Wei\u00dfensee 03"},"content":{"rendered":"\n<p><\/p>\n\n\n\n<p>Nachdem das letzte Wochenende des Jahres 2022 vor den Feiertagen den j\u00fcngsten Nachwuchskickern des FC Wei\u00dfensee 03 vorbehalten war, l\u00e4uteten nun unsere \u00e4lteren Junioren das Fu\u00dfballjahr 2023 ein. Am 7. und 8. Januar 2023 veranstaltete der FC Wei\u00dfensee 03 den 2. Pokalspezialist-Cup. Hier waren nun die D- bis A-Junioren im Einsatz. In der erneut bestens vorbereiteten Sporthalle in Wei\u00dfensee standen an beiden Tagen jeweils zwei Turniere auf dem Programm.<\/p>\n\n\n\n<p>Die D-Junioren der Spielgemeinschaft Wei\u00dfensee\/Bilzingsleben er\u00f6ffneten das Turnierwochenende. Aufgrund der hohen Spieleranzahl stellte der Gastgeber gleich 3 Mannschaften. Am Ende sicherte sich die Mannschaft der SG Wei\u00dfensee\/Bilzingsleben II den Turniersieg. Die Mannschaften der SG Wei\u00dfensee\/Bilzingsleben I und der SG Bilzingsleben\/Wei\u00dfensee (bestehend aus dem j\u00fcngeren D2-Jahrgang) landeten im 7er-Feld am Ende auf Platz 3 und 6. Robert Warz vom FC Wei\u00dfensee 03 sicherte sich mit 9 Toren die Torj\u00e4gerkanone.<\/p>\n\n\n\n<p>Am Nachmittag des ersten Turniertages traten dann die B-Junioren der Spielgemeinschaft Bilzingsleben\/Wei\u00dfensee in Aktion. Beim Turniersieg des SV Empor Walschleben platzierte sich die Vertretung des Gastgebers am Ende auf Rang 4. Max Fritsch vom FC Wei\u00dfensee 03 wurde Torsch\u00fctzenk\u00f6nig.<\/p>\n\n\n\n<p>Der zweite Turniertag startete mit dem Turnier der C-Junioren. Hier war der SV Rot-Wei\u00df Wiehe nicht zu schlagen und setzte sich am Ende souver\u00e4n durch. Die zwei Mannschaften der Spielgemeinschaft Wei\u00dfensee\/Bilzingsleben erreichten Platz 4 und 6.<\/p>\n\n\n\n<p>Den Abschluss und nach einhelliger Meinung auch den H\u00f6hepunkt des Turnierwochenendes bildete der Pokalspezialist-Cup der A-Junioren des FC Wei\u00dfensee 03. In einem hochklassigen Teilnehmerfeld, bestehend aus namhaften Mannschaften, die aus nahezu allen Th\u00fcringer Regionen anreisten, gelang dem Team vom SV 09 Arnstadt der Turniersieg. Die Gastgebermannschaft belegte in der Abschlusstabelle Platz 5. Constantin K\u00f6hler vom FC Wei\u00dfensee 03 wurde mit 5 Treffern als bester Torsch\u00fctze ausgezeichnet. Zahlreiche Zuschauer verfolgten das A-Junioren-Turnier am Sonntagnachmittag und sahen Budenzauber vom Feinsten, dramatische Spiele und Emotionen pur.<\/p>\n\n\n\n<p>Die Firma Pokalspezialist mit seinem Gesch\u00e4ftsf\u00fchrer Kay Schneider hat auch nach der pandemiebedingten Hallenturnierpause zugesagt, seine langj\u00e4hrige Unterst\u00fctzung des Juniorenbereichs beim FC Wei\u00dfensee 03 fortzusetzen und hat somit den Grundstein zum erfolgreich durchgef\u00fchrten Turnierwochenende gelegt. Kay, wir danken Dir vielmals f\u00fcr Dein Engagement f\u00fcr unseren Verein und hoffen auf viele weitere Jahre der Zusammenarbeit.<\/p>\n\n\n\n<p>Sch\u00f6n, dass wir als Verein auf so viele ehrenamtliche Helfer in unseren eigenen und auch au\u00dferhalb unserer Reihen z\u00e4hlen k\u00f6nnen. Was die Eltern, Verwandten, Vereinsmitglieder, Schiedsrichter, Freunde und Vereinssympathisanten an diesem Wochenende wieder im Rahmen der Vorbereitung und Durchf\u00fchrung des 2. Pokalspezialisten-Cups abgerissen haben, war der absolute Wahnsinn und kann nie als selbstverst\u00e4ndlich bewertet werden. DANKE an Euch alle, wir hoffen, dass durch diesen Zusammenhalt und durch diese gelebte Leidenschaft noch viele weitere erfolgreiche Turniere erm\u00f6glicht werden.<\/p>\n\n\n\n<p><\/p>\n\n\n\n<p>Weitere Bilder folgen in K\u00fcrze&#8230;<\/p>\n\n\n\n<figure class=\"wp-block-image size-large\"><img loading=\"lazy\" decoding=\"async\" width=\"1024\" height=\"682\" src=\"https:\/\/www.fcweissensee03.de\/V2\/wp-content\/uploads\/2023\/01\/IMG-20230109-WA0003-1024x682.jpg\" alt=\"\" class=\"wp-image-3183\" srcset=\"https:\/\/www.fcweissensee03.de\/V2\/wp-content\/uploads\/2023\/01\/IMG-20230109-WA0003-1024x682.jpg 1024w, https:\/\/www.fcweissensee03.de\/V2\/wp-content\/uploads\/2023\/01\/IMG-20230109-WA0003-300x200.jpg 300w, https:\/\/www.fcweissensee03.de\/V2\/wp-content\/uploads\/2023\/01\/IMG-20230109-WA0003-768x512.jpg 768w, https:\/\/www.fcweissensee03.de\/V2\/wp-content\/uploads\/2023\/01\/IMG-20230109-WA0003-1536x1023.jpg 1536w, https:\/\/www.fcweissensee03.de\/V2\/wp-content\/uploads\/2023\/01\/IMG-20230109-WA0003.jpg 1600w\" sizes=\"(max-width: 1024px) 100vw, 1024px\" \/><\/figure>\n","protected":false},"excerpt":{"rendered":"<p>Nachdem das letzte Wochenende des Jahres 2022 vor den Feiertagen den j\u00fcngsten Nachwuchskickern des FC Wei\u00dfensee 03 vorbehalten war, l\u00e4uteten nun unsere \u00e4lteren Junioren das Fu\u00dfballjahr 2023 ein. Am 7. und 8. Januar 2023 veranstaltete der FC Wei\u00dfensee 03 den 2. Pokalspezialist-Cup. Hier waren nun die D- bis A-Junioren im Einsatz. In der erneut bestens [&hellip;]<\/p>\n","protected":false},"author":5,"featured_media":0,"comment_status":"open","ping_status":"open","sticky":false,"template":"","format":"standard","meta":{"saved_in_kubio":false,"footnotes":""},"categories":[31,44,42,15,72],"tags":[],"class_list":["post-3182","post","type-post","status-publish","format-standard","hentry","category-a-jugend","category-b-jugend","category-c-jugend","category-d-jugend","category-jugend"],"_links":{"self":[{"href":"https:\/\/www.fcweissensee03.de\/V2\/wp-json\/wp\/v2\/posts\/3182","targetHints":{"allow":["GET"]}}],"collection":[{"href":"https:\/\/www.fcweissensee03.de\/V2\/wp-json\/wp\/v2\/posts"}],"about":[{"href":"https:\/\/www.fcweissensee03.de\/V2\/wp-json\/wp\/v2\/types\/post"}],"author":[{"embeddable":true,"href":"https:\/\/www.fcweissensee03.de\/V2\/wp-json\/wp\/v2\/users\/5"}],"replies":[{"embeddable":true,"href":"https:\/\/www.fcweissensee03.de\/V2\/wp-json\/wp\/v2\/comments?post=3182"}],"version-history":[{"count":0,"href":"https:\/\/www.fcweissensee03.de\/V2\/wp-json\/wp\/v2\/posts\/3182\/revisions"}],"wp:attachment":[{"href":"https:\/\/www.fcweissensee03.de\/V2\/wp-json\/wp\/v2\/media?parent=3182"}],"wp:term":[{"taxonomy":"category","embeddable":true,"href":"https:\/\/www.fcweissensee03.de\/V2\/wp-json\/wp\/v2\/categories?post=3182"},{"taxonomy":"post_tag","embeddable":true,"href":"https:\/\/www.fcweissensee03.de\/V2\/wp-json\/wp\/v2\/tags?post=3182"}],"curies":[{"name":"wp","href":"https:\/\/api.w.org\/{rel}","templated":true}]}}