{"id":3034,"date":"2022-09-15T20:41:39","date_gmt":"2022-09-15T18:41:39","guid":{"rendered":"https:\/\/www.fcweissensee03.de\/V2\/?p=3034"},"modified":"2025-01-13T10:00:01","modified_gmt":"2025-01-13T09:00:01","slug":"nachruf-2","status":"publish","type":"post","link":"https:\/\/www.fcweissensee03.de\/V2\/2022\/09\/15\/nachruf-2\/","title":{"rendered":"Nachruf"},"content":{"rendered":"\n<p>Mit tiefster Trauer verabschiedet sich der FC Wei\u00dfensee 03 e.V. von<\/p>\n\n\n\n<p class=\"has-large-font-size\"><strong>J\u00fcrgen R\u00fcdiger<\/strong>.<\/p>\n\n\n\n<p>Er war \u00fcber mehrere Dekaden f\u00fcr unseren Verein als Sponsor t\u00e4tig. Seine Einstellung zum Vereinsleben, die damit verbundene pers\u00f6nliche Hingabe, aber auch die finanzielle Unterst\u00fctzung waren beispiellos.<\/p>\n\n\n\n<p>Wir werden seine positive Art und das eingebrachte Engagement sehr vermissen. Ein letztes Mal wollen wir hiermit Danke!!! sagen.<\/p>\n\n\n\n<p>Unser tiefes Mitgef\u00fchl gilt seiner Familie, der wir in dieser schwierigen Zeit viel Kraft und Mut w\u00fcnschen.<\/p>\n\n\n\n<p>Wir werden ihn noch lange in ehrenhaften Erinnerungen halten.<\/p>\n\n\n\n<p><\/p>\n\n\n\n<p class=\"has-x-large-font-size\">________________________________________<\/p>\n\n\n\n<p><\/p>\n\n\n\n<p><\/p>\n\n\n\n<p>Mit tiefster Trauer verabschieden wir unser Vereinsmitglied<\/p>\n\n\n\n<p class=\"has-large-font-size\"><strong>G\u00fcnter Rottl\u00e4nder<\/strong>.<\/p>\n\n\n\n<p>Er war schon als Jugendspieler f\u00fcr den Wei\u00dfenseer Fu\u00dfball aktiv. Nach l\u00e4ngerer Pause wurde er wieder aktives Mitglied bei den Alten Herren. Wir sch\u00e4tzten ihn als engagierten Spieler und zuverl\u00e4ssigen Unterst\u00fctzer. G\u00fcnter (hintere Reihe 7.v.l.) nahm bis zu letzt an den Aktivit\u00e4ten des Vereins teil.<\/p>\n\n\n\n<p>Unser tiefes Mitgef\u00fchl gilt seiner Familie und allen Angeh\u00f6rigen.<\/p>\n\n\n\n<p>Wir werden ihm immer ein ehrendes Andenken bewahren.<\/p>\n\n\n\n<p>Im Namen des gesamten FC Wei\u00dfensee 03 e.V.<\/p>\n\n\n\n<figure class=\"wp-block-image size-full\"><img loading=\"lazy\" decoding=\"async\" width=\"1024\" height=\"768\" src=\"https:\/\/www.fcweissensee03.de\/V2\/wp-content\/uploads\/2022\/09\/IMG-20220914-WA0006.jpg\" alt=\"\" class=\"wp-image-3035\" srcset=\"https:\/\/www.fcweissensee03.de\/V2\/wp-content\/uploads\/2022\/09\/IMG-20220914-WA0006.jpg 1024w, https:\/\/www.fcweissensee03.de\/V2\/wp-content\/uploads\/2022\/09\/IMG-20220914-WA0006-300x225.jpg 300w, https:\/\/www.fcweissensee03.de\/V2\/wp-content\/uploads\/2022\/09\/IMG-20220914-WA0006-768x576.jpg 768w\" sizes=\"(max-width: 1024px) 100vw, 1024px\" \/><\/figure>\n","protected":false},"excerpt":{"rendered":"<p>Mit tiefster Trauer verabschiedet sich der FC Wei\u00dfensee 03 e.V. von J\u00fcrgen R\u00fcdiger. Er war \u00fcber mehrere Dekaden f\u00fcr unseren Verein als Sponsor t\u00e4tig. Seine Einstellung zum Vereinsleben, die damit verbundene pers\u00f6nliche Hingabe, aber auch die finanzielle Unterst\u00fctzung waren beispiellos. Wir werden seine positive Art und das eingebrachte Engagement sehr vermissen. Ein letztes Mal wollen [&hellip;]<\/p>\n","protected":false},"author":5,"featured_media":0,"comment_status":"open","ping_status":"open","sticky":false,"template":"","format":"standard","meta":{"saved_in_kubio":false,"footnotes":""},"categories":[12],"tags":[],"class_list":["post-3034","post","type-post","status-publish","format-standard","hentry","category-verein"],"_links":{"self":[{"href":"https:\/\/www.fcweissensee03.de\/V2\/wp-json\/wp\/v2\/posts\/3034","targetHints":{"allow":["GET"]}}],"collection":[{"href":"https:\/\/www.fcweissensee03.de\/V2\/wp-json\/wp\/v2\/posts"}],"about":[{"href":"https:\/\/www.fcweissensee03.de\/V2\/wp-json\/wp\/v2\/types\/post"}],"author":[{"embeddable":true,"href":"https:\/\/www.fcweissensee03.de\/V2\/wp-json\/wp\/v2\/users\/5"}],"replies":[{"embeddable":true,"href":"https:\/\/www.fcweissensee03.de\/V2\/wp-json\/wp\/v2\/comments?post=3034"}],"version-history":[{"count":0,"href":"https:\/\/www.fcweissensee03.de\/V2\/wp-json\/wp\/v2\/posts\/3034\/revisions"}],"wp:attachment":[{"href":"https:\/\/www.fcweissensee03.de\/V2\/wp-json\/wp\/v2\/media?parent=3034"}],"wp:term":[{"taxonomy":"category","embeddable":true,"href":"https:\/\/www.fcweissensee03.de\/V2\/wp-json\/wp\/v2\/categories?post=3034"},{"taxonomy":"post_tag","embeddable":true,"href":"https:\/\/www.fcweissensee03.de\/V2\/wp-json\/wp\/v2\/tags?post=3034"}],"curies":[{"name":"wp","href":"https:\/\/api.w.org\/{rel}","templated":true}]}}