{"id":3031,"date":"2022-09-15T15:55:39","date_gmt":"2022-09-15T13:55:39","guid":{"rendered":"https:\/\/www.fcweissensee03.de\/V2\/?p=3031"},"modified":"2025-01-13T10:03:40","modified_gmt":"2025-01-13T09:03:40","slug":"wanderung-zum-wasserschloesschen-bei-ottenhausen","status":"publish","type":"post","link":"https:\/\/www.fcweissensee03.de\/V2\/2022\/09\/15\/wanderung-zum-wasserschloesschen-bei-ottenhausen\/","title":{"rendered":"Wanderung zum Wasserschl\u00f6sschen bei Ottenhausen"},"content":{"rendered":"\n<p>Am 10.09.2022 organisierte der Heimat- und Geschichtsverein <a href=\"https:\/\/www.facebook.com\/meinweissensee\/?__cft__[0]=AZUGWHotmWrKKfssEZlaXWDuz28kB91Mx6zdE4Ecv5GktfMVuVQdkjpE2WaTEGSXMdNYj2Y-N8W_GGLRZUkwMGkm2f-Z5Sei5l7jckM0390Dhtff6tGTugPPOfnS-A3FcruQmFAOuVAa5yylu48YAHrbO7vtRdHmCXP9eRbf3vMTtA&amp;__tn__=kK-R\">MeinWei\u00dfensee<\/a> e.V. eine Wanderung zum Wasserschl\u00f6sschen bei Ottenhausen.<\/p>\n\n\n\n<p>Einige Kinder und Eltern der D1-Junioren des FC Wei\u00dfensee 03 beteiligten sich ebenfalls an dieser Exkursion. Die Betriebsgesellschaft Wasser und Abwasser mbH S\u00f6mmerda (BeWA mbH) \u00f6ffnete zu diesem Anlass auch das Betriebsgeb\u00e4ude, sodass alle Teilnehmer einen Blick in das \u201eInnenleben\u201c <a><\/a>des Wasserschl\u00f6sschens werfen konnten. Herr B\u00e4umler vom Heimatverein gab uns zus\u00e4tzlich eine sehr interessante Erl\u00e4uterung zur Geschichte der Wasserversorgung in Wei\u00dfensee. Herr Kriese schloss sich mit einem Vortrag zu W\u00fcstungen rund um Wei\u00dfensee an.<\/p>\n\n\n\n<p>Um die ca. 5 km R\u00fcckweg erfolgreich zu schaffen, st\u00e4rkten wir uns mit Bockwurst, Kuchen und diversen Getr\u00e4nken.<\/p>\n\n\n\n<p>Wir m\u00f6chten uns beim Heimat- und Geschichtsverein \u201eMein Weissensee\u201c e.V. nicht nur f\u00fcr die Einladung, die hervorragende Organisation, die kulinarische Versorgung und die interessanten Beitr\u00e4ge bedanken. Wir hoffen dar\u00fcber hinaus, dass dieses gemeinsame Erlebnis eine Fortsetzung hinsichtlich anderer Projekte und Veranstaltungen findet und m\u00f6glicherweise eine Vernetzung beider Vereine realisiert werden kann.<\/p>\n\n\n\n<p>Danke auch an Herrn John von der BeWA mbH, der trotz n\u00e4chtlicher Havarie die Besichtigung des Wasserschl\u00f6sschens erm\u00f6glichte und diverse Fragen zur aktuellen Nutzung und Versorgungssituation<\/p>\n\n\n\n<p>beantwortete.<\/p>\n\n\n\n<figure class=\"wp-block-image size-large\"><img loading=\"lazy\" decoding=\"async\" width=\"1024\" height=\"461\" src=\"https:\/\/www.fcweissensee03.de\/V2\/wp-content\/uploads\/2022\/09\/FCW-1024x461.jpg\" alt=\"\" class=\"wp-image-3032\" srcset=\"https:\/\/www.fcweissensee03.de\/V2\/wp-content\/uploads\/2022\/09\/FCW-1024x461.jpg 1024w, https:\/\/www.fcweissensee03.de\/V2\/wp-content\/uploads\/2022\/09\/FCW-300x135.jpg 300w, https:\/\/www.fcweissensee03.de\/V2\/wp-content\/uploads\/2022\/09\/FCW-768x345.jpg 768w, https:\/\/www.fcweissensee03.de\/V2\/wp-content\/uploads\/2022\/09\/FCW.jpg 1265w\" sizes=\"(max-width: 1024px) 100vw, 1024px\" \/><\/figure>\n","protected":false},"excerpt":{"rendered":"<p>Am 10.09.2022 organisierte der Heimat- und Geschichtsverein MeinWei\u00dfensee e.V. eine Wanderung zum Wasserschl\u00f6sschen bei Ottenhausen. Einige Kinder und Eltern der D1-Junioren des FC Wei\u00dfensee 03 beteiligten sich ebenfalls an dieser Exkursion. Die Betriebsgesellschaft Wasser und Abwasser mbH S\u00f6mmerda (BeWA mbH) \u00f6ffnete zu diesem Anlass auch das Betriebsgeb\u00e4ude, sodass alle Teilnehmer einen Blick in das \u201eInnenleben\u201c [&hellip;]<\/p>\n","protected":false},"author":5,"featured_media":0,"comment_status":"open","ping_status":"open","sticky":false,"template":"","format":"standard","meta":{"saved_in_kubio":false,"footnotes":""},"categories":[15,72],"tags":[],"class_list":["post-3031","post","type-post","status-publish","format-standard","hentry","category-d-jugend","category-jugend"],"_links":{"self":[{"href":"https:\/\/www.fcweissensee03.de\/V2\/wp-json\/wp\/v2\/posts\/3031","targetHints":{"allow":["GET"]}}],"collection":[{"href":"https:\/\/www.fcweissensee03.de\/V2\/wp-json\/wp\/v2\/posts"}],"about":[{"href":"https:\/\/www.fcweissensee03.de\/V2\/wp-json\/wp\/v2\/types\/post"}],"author":[{"embeddable":true,"href":"https:\/\/www.fcweissensee03.de\/V2\/wp-json\/wp\/v2\/users\/5"}],"replies":[{"embeddable":true,"href":"https:\/\/www.fcweissensee03.de\/V2\/wp-json\/wp\/v2\/comments?post=3031"}],"version-history":[{"count":0,"href":"https:\/\/www.fcweissensee03.de\/V2\/wp-json\/wp\/v2\/posts\/3031\/revisions"}],"wp:attachment":[{"href":"https:\/\/www.fcweissensee03.de\/V2\/wp-json\/wp\/v2\/media?parent=3031"}],"wp:term":[{"taxonomy":"category","embeddable":true,"href":"https:\/\/www.fcweissensee03.de\/V2\/wp-json\/wp\/v2\/categories?post=3031"},{"taxonomy":"post_tag","embeddable":true,"href":"https:\/\/www.fcweissensee03.de\/V2\/wp-json\/wp\/v2\/tags?post=3031"}],"curies":[{"name":"wp","href":"https:\/\/api.w.org\/{rel}","templated":true}]}}