{"id":2185,"date":"2021-09-20T12:41:27","date_gmt":"2021-09-20T10:41:27","guid":{"rendered":"https:\/\/www.fcweissensee03.de\/V2\/?p=2185"},"modified":"2025-01-13T10:18:34","modified_gmt":"2025-01-13T09:18:34","slug":"f-junioren-4","status":"publish","type":"post","link":"https:\/\/www.fcweissensee03.de\/V2\/2021\/09\/20\/f-junioren-4\/","title":{"rendered":"F-Junioren"},"content":{"rendered":"\n<p>Gro\u00dfer Kampfgeist nicht belohnt &#8230;<\/p>\n\n\n\n<p>Die F-Junioren des FC Wei\u00dfensee 03 e.V. unterlagen dem SG Salomonsborn 04 \/ SPG SV Alach I mit 4:2 und sind leider somit in der ersten Pokalrunde ausgeschieden. Durch gutes Kombinationsspiel wurde die ein oder andere Chance erarbeitet und f\u00fchrte zum Ende der ersten Halbzeit zum Anschlusstreffer durch Theo Rosin zum 1:2. Nach der Halbzeit ging es hitzig auf beiden Seiten weiter. Es folgte das 3:1 und ein weiterer Anschlusstreffer von Bruno Ehrhardt. Leider konnten wir nicht ausgleichen und so nutzten die Gegner die Chance zum 4:2 kurz vor Schluss. Trotz des Ausscheidens hatten alle Kinder ihren Spa\u00df und freuen sich auf ihr n\u00e4chstes Spiel am kommenden Samstag, dem 25.09 um 10 Uhr auf der Ulmenallee in Wei\u00dfensee gegen den SG SV Olympia Ha\u00dfleben. Kommt alle gern vorbei !<\/p>\n\n\n\n<figure class=\"wp-block-image size-large\"><img loading=\"lazy\" decoding=\"async\" width=\"960\" height=\"720\" src=\"https:\/\/www.fcweissensee03.de\/V2\/wp-content\/uploads\/2021\/09\/242396258_2993823624230434_5024740766222181843_n.jpg\" alt=\"\" class=\"wp-image-2186\" srcset=\"https:\/\/www.fcweissensee03.de\/V2\/wp-content\/uploads\/2021\/09\/242396258_2993823624230434_5024740766222181843_n.jpg 960w, https:\/\/www.fcweissensee03.de\/V2\/wp-content\/uploads\/2021\/09\/242396258_2993823624230434_5024740766222181843_n-300x225.jpg 300w, https:\/\/www.fcweissensee03.de\/V2\/wp-content\/uploads\/2021\/09\/242396258_2993823624230434_5024740766222181843_n-768x576.jpg 768w\" sizes=\"(max-width: 960px) 100vw, 960px\" \/><\/figure>\n\n\n\n<figure class=\"wp-block-image size-large\"><img loading=\"lazy\" decoding=\"async\" width=\"720\" height=\"960\" src=\"https:\/\/www.fcweissensee03.de\/V2\/wp-content\/uploads\/2021\/09\/242407413_2993823670897096_6447253820869607975_n.jpg\" alt=\"\" class=\"wp-image-2187\" srcset=\"https:\/\/www.fcweissensee03.de\/V2\/wp-content\/uploads\/2021\/09\/242407413_2993823670897096_6447253820869607975_n.jpg 720w, https:\/\/www.fcweissensee03.de\/V2\/wp-content\/uploads\/2021\/09\/242407413_2993823670897096_6447253820869607975_n-225x300.jpg 225w\" sizes=\"(max-width: 720px) 100vw, 720px\" \/><\/figure>\n\n\n\n<figure class=\"wp-block-image size-large\"><img loading=\"lazy\" decoding=\"async\" width=\"664\" height=\"960\" src=\"https:\/\/www.fcweissensee03.de\/V2\/wp-content\/uploads\/2021\/09\/242445638_2993823574230439_1190209888895101019_n.jpg\" alt=\"\" class=\"wp-image-2188\" srcset=\"https:\/\/www.fcweissensee03.de\/V2\/wp-content\/uploads\/2021\/09\/242445638_2993823574230439_1190209888895101019_n.jpg 664w, https:\/\/www.fcweissensee03.de\/V2\/wp-content\/uploads\/2021\/09\/242445638_2993823574230439_1190209888895101019_n-208x300.jpg 208w\" sizes=\"(max-width: 664px) 100vw, 664px\" \/><\/figure>\n","protected":false},"excerpt":{"rendered":"<p>Gro\u00dfer Kampfgeist nicht belohnt &#8230; Die F-Junioren des FC Wei\u00dfensee 03 e.V. unterlagen dem SG Salomonsborn 04 \/ SPG SV Alach I mit 4:2 und sind leider somit in der ersten Pokalrunde ausgeschieden. Durch gutes Kombinationsspiel wurde die ein oder andere Chance erarbeitet und f\u00fchrte zum Ende der ersten Halbzeit zum Anschlusstreffer durch Theo Rosin [&hellip;]<\/p>\n","protected":false},"author":5,"featured_media":0,"comment_status":"open","ping_status":"open","sticky":false,"template":"","format":"standard","meta":{"saved_in_kubio":false,"footnotes":""},"categories":[13,72],"tags":[],"class_list":["post-2185","post","type-post","status-publish","format-standard","hentry","category-f-jugend","category-jugend"],"_links":{"self":[{"href":"https:\/\/www.fcweissensee03.de\/V2\/wp-json\/wp\/v2\/posts\/2185","targetHints":{"allow":["GET"]}}],"collection":[{"href":"https:\/\/www.fcweissensee03.de\/V2\/wp-json\/wp\/v2\/posts"}],"about":[{"href":"https:\/\/www.fcweissensee03.de\/V2\/wp-json\/wp\/v2\/types\/post"}],"author":[{"embeddable":true,"href":"https:\/\/www.fcweissensee03.de\/V2\/wp-json\/wp\/v2\/users\/5"}],"replies":[{"embeddable":true,"href":"https:\/\/www.fcweissensee03.de\/V2\/wp-json\/wp\/v2\/comments?post=2185"}],"version-history":[{"count":0,"href":"https:\/\/www.fcweissensee03.de\/V2\/wp-json\/wp\/v2\/posts\/2185\/revisions"}],"wp:attachment":[{"href":"https:\/\/www.fcweissensee03.de\/V2\/wp-json\/wp\/v2\/media?parent=2185"}],"wp:term":[{"taxonomy":"category","embeddable":true,"href":"https:\/\/www.fcweissensee03.de\/V2\/wp-json\/wp\/v2\/categories?post=2185"},{"taxonomy":"post_tag","embeddable":true,"href":"https:\/\/www.fcweissensee03.de\/V2\/wp-json\/wp\/v2\/tags?post=2185"}],"curies":[{"name":"wp","href":"https:\/\/api.w.org\/{rel}","templated":true}]}}