{"id":2048,"date":"2021-08-19T21:31:01","date_gmt":"2021-08-19T19:31:01","guid":{"rendered":"https:\/\/www.fcweissensee03.de\/V2\/?p=2048"},"modified":"2025-01-13T10:15:02","modified_gmt":"2025-01-13T09:15:02","slug":"spielerkabinen","status":"publish","type":"post","link":"https:\/\/www.fcweissensee03.de\/V2\/2021\/08\/19\/spielerkabinen\/","title":{"rendered":"Spielerkabinen"},"content":{"rendered":"\n<p>Immer wieder eine Augenweide sind die Spielerkabinen auf dem Spielfeld der Junioren des FC Wei\u00dfensee 03 an der Ulmenallee. Mittlerweile k\u00f6nnen die Junioren und Trainer des FC Wei\u00dfensee 03 diese Spielerkabinen schon seit zweieinhalb Jahren benutzen.<\/p>\n\n\n\n<p>Wie kam es dazu? <\/p>\n\n\n\n<p>Unsere Jugend-Trainer Andreas Papesch und Marco Pergelt hatten die Idee f\u00fcr Spielerkabinen (in dieser Form) auf dem Jugendplatz. Nach einigen Gespr\u00e4chen mit unterschiedlichen Sponsoren f\u00fcr die verschiedenen Gewerke konnten die Planungen auch schon beginnen. Andreas und Marco haben nat\u00fcrlich \u2013 wie immer \u2013 auch k\u00f6rperlich flei\u00dfig mit angefasst, genauso wie Maik Berndt, Maik G\u00e4bler, Marcus Grellmann, Daniel Koch, Tim Scheinpflug und Andreas Vogel. Als Erstes musste die Erde f\u00fcr die Fundamente ausgehoben und anschlie\u00dfend Frostschutz eingebracht werden. Abschlie\u00dfend noch mit der R\u00fcttelplatte verdichten und dar\u00fcber Sand Plan abziehen. Marco K\u00f6hler von der K\u00f6hler Bau GmbH hat uns hier erstklassig unterst\u00fctzt. Zwischenzeitlich wurden die extra hergestellten Betonplatten von der BBW Betonwerk Wei\u00dfensee GmbH &amp; Co. KG geliefert und mittels Kran in die vorbereiteten Stellen eingepasst, verantwortlich hierf\u00fcr war Bernhard Michel. Jetzt konnten die durch Herrn Daniel Kurzweg von der <a href=\"https:\/\/www.facebook.com\/phoenix.balkonbau\/?__cft__[0]=AZV4VxjeRHqfxH2V-MKxDUssMbRnQsdVuzV03oMeIF31cMHmcl5DmNZjn1z2_HxGbnbjsgdeVmqbfRnHYC-Ofw74tmicILOkR_9u_fL6W8SdtJKRNJQhDObYBZ3tPQHJHNDfnDtKfkHByFg1UIi_y_9pUHqTJVnDdi0bEvAlve-f7Csk2r7bkpO6C7df5O3ROK0BiNzv8Os8_9DqZF1qgj4gmNH1_L0rjkkvE5moAQY4ng&amp;__tn__=kK-y-R\">Ph\u00f6nix Metallbau GmbH<\/a> freigegebenen und vorgefertigten Spielerkabinen aufgebaut werden. Dies erfolgte durch unseren Sportsfreund Alexander Standhardt und seine Helfer. Danach verlegten die Trainer noch den eigens angeschafften Rollrasen um die Spielerkabinen und zum Schluss wurden diese mit ma\u00dfgefertigten Aufklebern der Firma Druckspezialist (Kay Schneider) von Andreas, Marco und seiner Frau versehen. Eine ganz feine Sache, wie hier dieses Projekt von allen beteiligten Personen umgesetzt wurde und sich wirklich sehen lassen kann. Davon werden noch ganz, ganz viele Junioren des <a href=\"https:\/\/www.facebook.com\/fcweissensee03\/?__cft__[0]=AZV4VxjeRHqfxH2V-MKxDUssMbRnQsdVuzV03oMeIF31cMHmcl5DmNZjn1z2_HxGbnbjsgdeVmqbfRnHYC-Ofw74tmicILOkR_9u_fL6W8SdtJKRNJQhDObYBZ3tPQHJHNDfnDtKfkHByFg1UIi_y_9pUHqTJVnDdi0bEvAlve-f7Csk2r7bkpO6C7df5O3ROK0BiNzv8Os8_9DqZF1qgj4gmNH1_L0rjkkvE5moAQY4ng&amp;__tn__=kK-y-R\">FC Wei\u00dfensee 03 e.V.<\/a> etwas haben.<\/p>\n\n\n\n<p>So lieben wir das!!! Einheimische Unternehmen unterst\u00fctzen ortsans\u00e4ssige Vereine, die Kindern eine sportliche Perspektive geben.<\/p>\n\n\n\n<p>Herzlichen Dank an:<\/p>\n\n\n\n<p>Andreas Papesch (FC Wei\u00dfensee 03)<\/p>\n\n\n\n<p>Marco Pergelt (FC Wei\u00dfensee 03)<\/p>\n\n\n\n<p>Marco K\u00f6hler (K\u00f6hler Bau GmbH)<\/p>\n\n\n\n<p>Bernhard Michel (BBW Betonwerk Wei\u00dfensee GmbH &amp; Co. KG)<\/p>\n\n\n\n<p>Daniel Kurzweg (Ph\u00f6nix Metallbau GmbH)<\/p>\n\n\n\n<p>Alexander Standhardt <\/p>\n\n\n\n<p>Kay Schneider (Druckspezialist)<\/p>\n\n\n\n<p>sowie allen weiteren beteiligten Personen.<\/p>\n\n\n\n<figure class=\"wp-block-image size-large\"><img loading=\"lazy\" decoding=\"async\" width=\"1024\" height=\"761\" src=\"https:\/\/www.fcweissensee03.de\/V2\/wp-content\/uploads\/2021\/08\/20210805_184650-1024x761.jpg\" alt=\"\" class=\"wp-image-2049\" srcset=\"https:\/\/www.fcweissensee03.de\/V2\/wp-content\/uploads\/2021\/08\/20210805_184650-1024x761.jpg 1024w, https:\/\/www.fcweissensee03.de\/V2\/wp-content\/uploads\/2021\/08\/20210805_184650-300x223.jpg 300w, https:\/\/www.fcweissensee03.de\/V2\/wp-content\/uploads\/2021\/08\/20210805_184650-768x571.jpg 768w, https:\/\/www.fcweissensee03.de\/V2\/wp-content\/uploads\/2021\/08\/20210805_184650-1536x1141.jpg 1536w, https:\/\/www.fcweissensee03.de\/V2\/wp-content\/uploads\/2021\/08\/20210805_184650-2048x1522.jpg 2048w\" sizes=\"(max-width: 1024px) 100vw, 1024px\" \/><\/figure>\n\n\n\n<figure class=\"wp-block-image size-large\"><img loading=\"lazy\" decoding=\"async\" width=\"1002\" height=\"1024\" src=\"https:\/\/www.fcweissensee03.de\/V2\/wp-content\/uploads\/2019\/06\/03-1002x1024.jpg\" alt=\"\" class=\"wp-image-550\" srcset=\"https:\/\/www.fcweissensee03.de\/V2\/wp-content\/uploads\/2019\/06\/03-1002x1024.jpg 1002w, https:\/\/www.fcweissensee03.de\/V2\/wp-content\/uploads\/2019\/06\/03-293x300.jpg 293w, https:\/\/www.fcweissensee03.de\/V2\/wp-content\/uploads\/2019\/06\/03-768x785.jpg 768w, https:\/\/www.fcweissensee03.de\/V2\/wp-content\/uploads\/2019\/06\/03.jpg 1440w\" sizes=\"(max-width: 1002px) 100vw, 1002px\" \/><\/figure>\n\n\n\n<figure class=\"wp-block-image size-large\"><img loading=\"lazy\" decoding=\"async\" width=\"576\" height=\"1024\" src=\"https:\/\/www.fcweissensee03.de\/V2\/wp-content\/uploads\/2019\/06\/04-576x1024.jpg\" alt=\"\" class=\"wp-image-551\" srcset=\"https:\/\/www.fcweissensee03.de\/V2\/wp-content\/uploads\/2019\/06\/04-576x1024.jpg 576w, https:\/\/www.fcweissensee03.de\/V2\/wp-content\/uploads\/2019\/06\/04-169x300.jpg 169w, https:\/\/www.fcweissensee03.de\/V2\/wp-content\/uploads\/2019\/06\/04-768x1365.jpg 768w, https:\/\/www.fcweissensee03.de\/V2\/wp-content\/uploads\/2019\/06\/04.jpg 1440w\" sizes=\"(max-width: 576px) 100vw, 576px\" \/><\/figure>\n\n\n\n<figure class=\"wp-block-image size-large\"><img loading=\"lazy\" decoding=\"async\" width=\"1024\" height=\"576\" src=\"https:\/\/www.fcweissensee03.de\/V2\/wp-content\/uploads\/2019\/06\/07-1024x576.jpg\" alt=\"\" class=\"wp-image-554\" srcset=\"https:\/\/www.fcweissensee03.de\/V2\/wp-content\/uploads\/2019\/06\/07-1024x576.jpg 1024w, https:\/\/www.fcweissensee03.de\/V2\/wp-content\/uploads\/2019\/06\/07-300x169.jpg 300w, https:\/\/www.fcweissensee03.de\/V2\/wp-content\/uploads\/2019\/06\/07-768x432.jpg 768w\" sizes=\"(max-width: 1024px) 100vw, 1024px\" \/><\/figure>\n\n\n\n<figure class=\"wp-block-image size-large\"><img loading=\"lazy\" decoding=\"async\" width=\"1024\" height=\"500\" src=\"https:\/\/www.fcweissensee03.de\/V2\/wp-content\/uploads\/2019\/06\/06-1024x500.jpg\" alt=\"\" class=\"wp-image-553\" srcset=\"https:\/\/www.fcweissensee03.de\/V2\/wp-content\/uploads\/2019\/06\/06-1024x500.jpg 1024w, https:\/\/www.fcweissensee03.de\/V2\/wp-content\/uploads\/2019\/06\/06-300x147.jpg 300w, https:\/\/www.fcweissensee03.de\/V2\/wp-content\/uploads\/2019\/06\/06-768x375.jpg 768w, https:\/\/www.fcweissensee03.de\/V2\/wp-content\/uploads\/2019\/06\/06.jpg 1287w\" sizes=\"(max-width: 1024px) 100vw, 1024px\" \/><\/figure>\n\n\n\n<figure class=\"wp-block-image size-large\"><img loading=\"lazy\" decoding=\"async\" width=\"1024\" height=\"678\" src=\"https:\/\/www.fcweissensee03.de\/V2\/wp-content\/uploads\/2019\/06\/01-1024x678.jpg\" alt=\"\" class=\"wp-image-548\" srcset=\"https:\/\/www.fcweissensee03.de\/V2\/wp-content\/uploads\/2019\/06\/01-1024x678.jpg 1024w, https:\/\/www.fcweissensee03.de\/V2\/wp-content\/uploads\/2019\/06\/01-300x199.jpg 300w, https:\/\/www.fcweissensee03.de\/V2\/wp-content\/uploads\/2019\/06\/01-768x508.jpg 768w, https:\/\/www.fcweissensee03.de\/V2\/wp-content\/uploads\/2019\/06\/01.jpg 1600w\" sizes=\"(max-width: 1024px) 100vw, 1024px\" \/><\/figure>\n\n\n\n<figure class=\"wp-block-image size-large\"><img loading=\"lazy\" decoding=\"async\" width=\"1024\" height=\"768\" src=\"https:\/\/www.fcweissensee03.de\/V2\/wp-content\/uploads\/2021\/08\/20210805_184606-1024x768.jpg\" alt=\"\" class=\"wp-image-2024\" srcset=\"https:\/\/www.fcweissensee03.de\/V2\/wp-content\/uploads\/2021\/08\/20210805_184606-1024x768.jpg 1024w, https:\/\/www.fcweissensee03.de\/V2\/wp-content\/uploads\/2021\/08\/20210805_184606-300x225.jpg 300w, https:\/\/www.fcweissensee03.de\/V2\/wp-content\/uploads\/2021\/08\/20210805_184606-768x576.jpg 768w, https:\/\/www.fcweissensee03.de\/V2\/wp-content\/uploads\/2021\/08\/20210805_184606-1536x1152.jpg 1536w, https:\/\/www.fcweissensee03.de\/V2\/wp-content\/uploads\/2021\/08\/20210805_184606-2048x1536.jpg 2048w\" sizes=\"(max-width: 1024px) 100vw, 1024px\" \/><\/figure>\n","protected":false},"excerpt":{"rendered":"<p>Immer wieder eine Augenweide sind die Spielerkabinen auf dem Spielfeld der Junioren des FC Wei\u00dfensee 03 an der Ulmenallee. Mittlerweile k\u00f6nnen die Junioren und Trainer des FC Wei\u00dfensee 03 diese Spielerkabinen schon seit zweieinhalb Jahren benutzen. Wie kam es dazu? Unsere Jugend-Trainer Andreas Papesch und Marco Pergelt hatten die Idee f\u00fcr Spielerkabinen (in dieser Form) [&hellip;]<\/p>\n","protected":false},"author":5,"featured_media":2024,"comment_status":"open","ping_status":"open","sticky":false,"template":"","format":"standard","meta":{"saved_in_kubio":false,"footnotes":""},"categories":[12],"tags":[],"class_list":["post-2048","post","type-post","status-publish","format-standard","has-post-thumbnail","hentry","category-verein"],"_links":{"self":[{"href":"https:\/\/www.fcweissensee03.de\/V2\/wp-json\/wp\/v2\/posts\/2048","targetHints":{"allow":["GET"]}}],"collection":[{"href":"https:\/\/www.fcweissensee03.de\/V2\/wp-json\/wp\/v2\/posts"}],"about":[{"href":"https:\/\/www.fcweissensee03.de\/V2\/wp-json\/wp\/v2\/types\/post"}],"author":[{"embeddable":true,"href":"https:\/\/www.fcweissensee03.de\/V2\/wp-json\/wp\/v2\/users\/5"}],"replies":[{"embeddable":true,"href":"https:\/\/www.fcweissensee03.de\/V2\/wp-json\/wp\/v2\/comments?post=2048"}],"version-history":[{"count":0,"href":"https:\/\/www.fcweissensee03.de\/V2\/wp-json\/wp\/v2\/posts\/2048\/revisions"}],"wp:featuredmedia":[{"embeddable":true,"href":"https:\/\/www.fcweissensee03.de\/V2\/wp-json\/wp\/v2\/media\/2024"}],"wp:attachment":[{"href":"https:\/\/www.fcweissensee03.de\/V2\/wp-json\/wp\/v2\/media?parent=2048"}],"wp:term":[{"taxonomy":"category","embeddable":true,"href":"https:\/\/www.fcweissensee03.de\/V2\/wp-json\/wp\/v2\/categories?post=2048"},{"taxonomy":"post_tag","embeddable":true,"href":"https:\/\/www.fcweissensee03.de\/V2\/wp-json\/wp\/v2\/tags?post=2048"}],"curies":[{"name":"wp","href":"https:\/\/api.w.org\/{rel}","templated":true}]}}