{"id":1579,"date":"2019-05-15T11:40:00","date_gmt":"2019-05-15T09:40:00","guid":{"rendered":"https:\/\/www.fcweissensee03.de\/V2\/?p=1579"},"modified":"2025-01-13T10:27:34","modified_gmt":"2025-01-13T09:27:34","slug":"bericht-zum-trainingslager-der-f-junioren-des-fc-weissensee-03-vom-10-05-2019-bis-12-05-2019","status":"publish","type":"post","link":"https:\/\/www.fcweissensee03.de\/V2\/2019\/05\/15\/bericht-zum-trainingslager-der-f-junioren-des-fc-weissensee-03-vom-10-05-2019-bis-12-05-2019\/","title":{"rendered":"Bericht zum Trainingslager der F-Junioren des FC Wei\u00dfensee 03 vom 10.05.2019 bis 12.05.2019"},"content":{"rendered":"\n<p>Nach monatelanger Vorbereitung f\u00fchrten die F-Junioren des FC Wei\u00dfensee 03 ihr erstes Trainingslager durch. Das Wochenende vom 10.05.2019 bis 12.05.2019 stand ganz im Zeichen des Fu\u00dfballs.<\/p>\n\n\n\n<p>Am Freitagnachmittag wurden 16 Kinder gut ausger\u00fcstet von Ihren Eltern den Trainern \u00fcbergeben. Nach einer 90-min\u00fctigen Trainingseinheit begaben wir uns zu unserer Unterkunft, der Bildungs- und Begegnungsst\u00e4tte 3B-Wei\u00dfensee. Nach der Zimmerbelegung und dem Abendessen fand noch eine spannende Nachtf\u00fchrung durch die Runneburg statt. Ausgestattet mit Taschenlampen erfuhren wir sehr viel Interessantes \u00fcber unsere Burg.<\/p>\n\n\n\n<p>Der Samstag startete nach einem ausgiebigen Fr\u00fchst\u00fcck mit einer weiteren Trainingseinheit am Vormittag. Diese wurde vom DFB-Mobil unter professioneller Anleitung eines ausgebildeten Trainers durchgef\u00fchrt. Obwohl an diesem Vormittag gef\u00fchlt der Regen eines ganzen Monats niederprasselte, nahmen die Kinder diese Einheit sehr ernst und zogen alle \u00dcbungen mit Begeisterung durch. Respekt Jungs und M\u00e4del, Hut ab!<\/p>\n\n\n\n<p>Alle weiteren geplanten Freiluftaktivit\u00e4ten fielen dem Dauerregen am Samstag zum Opfer. Die Kinder fanden im Spielzimmer des 3B aber mit Brettspielen, Tischkicker oder Kartenspielen jederzeit Besch\u00e4ftigung. Au\u00dferdem wurde p\u00fcnktlich um 15:30 Uhr die Konferenz des 33. Bundesligaspieltages von allen Kindern mit gro\u00dfer Begeisterung verfolgt. Am Abend wurde ein Tischkickerturnier ausgetragen.<\/p>\n\n\n\n<p>Das Trainingslager endete am Sonntagvormittag mit einem Abschlussspiel gegen die F2 des FC Erfurt Nord. Obwohl die Erfurter bereits am Samstag ein Ligaspiel absolvierten und etliche Absagen in ihren Reihen zu verkraften hatten, standen sie zu ihrer Zusage und traten an. Vielen Dank nochmal an die F2 des <a href=\"https:\/\/www.facebook.com\/fc.erfurt.nord?__cft__%5b0%5d=AZVngz1g2qiyIi1ZhdAZxVdCdGggs_jFCqPnhcx0yFUQ6tE51FhwGsb3dgpby-eTfLWghlJNdDbrifDb7W0N9nJLOsTtiLkM4rf2-cCKCkL0nDlEtngsNS3XLH_xLPc9a1i0KNFu5qhhgriozRNx00UO7WzkFcVfMI_OS3ipH22yJXkztcnhWUMLx0hq76d6DEM&amp;__tn__=-%5dK-R\"><\/a><\/p>\n\n\n\n<p><a href=\"https:\/\/www.facebook.com\/fc.erfurt.nord?__cft__%5b0%5d=AZVngz1g2qiyIi1ZhdAZxVdCdGggs_jFCqPnhcx0yFUQ6tE51FhwGsb3dgpby-eTfLWghlJNdDbrifDb7W0N9nJLOsTtiLkM4rf2-cCKCkL0nDlEtngsNS3XLH_xLPc9a1i0KNFu5qhhgriozRNx00UO7WzkFcVfMI_OS3ipH22yJXkztcnhWUMLx0hq76d6DEM&amp;__tn__=-%5dK-R\">FC Erfurt Nord<\/a><\/p>\n\n\n\n<p>.<\/p>\n\n\n\n<p>Im Ergebnis bleibt ein unvergessliches Wochenende f\u00fcr Trainer und Kinder. Erm\u00f6glicht hat dies unter anderem die Unterst\u00fctzung durch die MDC Power GmbH K\u00f6lleda. Die Mitarbeiter und das Unternehmen MDC Power GmbH K\u00f6lleda spenden im Rahmen des Programmes \u201eHerzenanlegenheiten\u201c Ihre Arbeitszeit f\u00fcr soziale Zwecke. Von dieser \u00fcberragenden Aktion profitierten wir in Form von einer Geldspende in H\u00f6he von 350,00 Euro. Daf\u00fcr vielen herzlichen Dank an die Gesch\u00e4ftsf\u00fchrung und an die Mitarbeiter der MDC Power GmbH K\u00f6lleda. Stellvertretend zu nennen ist hier Philipp Sell, welcher es \u00fcberhaupt erst erm\u00f6glicht hat, dass unsere Mannschaft an diesem Programm teilhaben konnte.<\/p>\n\n\n\n<p>Ein gro\u00dfes Dankesch\u00f6n gilt Sandra K\u00f6nig und Ihrem Team von 3B-Wei\u00dfensee f\u00fcr die Unterkunft, das leckere Essen, die Burgf\u00fchrung und die herzliche Betreuung.<\/p>\n\n\n\n<p>Einen weiteren riesengro\u00dfen Dank m\u00f6chten wir Stefan Schaper vom DFB-Mobil aussprechen, der die Einheit am Samstagvormittag mit unerm\u00fcdlichem Einsatz leitete und sich wie die Kinder vom Dauerregen \u00fcberhaupt nicht st\u00f6ren lie\u00df.<\/p>\n\n\n\n<p>Zum Schluss m\u00f6chten wir uns bei Nadine Papesch und Antje Scheinpflug bedanken, die den Transport der Taschen, die Versorgung mit Getr\u00e4nken oder Zwischenmahlzeiten \u00fcbernahmen und gerade am regnerischen Samstag im Dauereinsatz waren.<\/p>\n\n\n\n<p>Andreas Papesch, Mario Ullmann und Tim Scheinpflug von den F-Junioren des <a href=\"https:\/\/www.facebook.com\/fcweissensee03\/?__cft__%5b0%5d=AZVngz1g2qiyIi1ZhdAZxVdCdGggs_jFCqPnhcx0yFUQ6tE51FhwGsb3dgpby-eTfLWghlJNdDbrifDb7W0N9nJLOsTtiLkM4rf2-cCKCkL0nDlEtngsNS3XLH_xLPc9a1i0KNFu5qhhgriozRNx00UO7WzkFcVfMI_OS3ipH22yJXkztcnhWUMLx0hq76d6DEM&amp;__tn__=kK-R\"><\/a><\/p>\n\n\n\n<p><a href=\"https:\/\/www.facebook.com\/fcweissensee03\/?__cft__%5b0%5d=AZVngz1g2qiyIi1ZhdAZxVdCdGggs_jFCqPnhcx0yFUQ6tE51FhwGsb3dgpby-eTfLWghlJNdDbrifDb7W0N9nJLOsTtiLkM4rf2-cCKCkL0nDlEtngsNS3XLH_xLPc9a1i0KNFu5qhhgriozRNx00UO7WzkFcVfMI_OS3ipH22yJXkztcnhWUMLx0hq76d6DEM&amp;__tn__=kK-R\">FC Wei\u00dfensee 03 e.V.<\/a><\/p>\n\n\n\n<figure class=\"wp-block-image size-large\"><img loading=\"lazy\" decoding=\"async\" width=\"1024\" height=\"768\" src=\"https:\/\/www.fcweissensee03.de\/V2\/wp-content\/uploads\/2021\/04\/60294345_2303106553302148_6502504168870117376_n.jpg\" alt=\"\" class=\"wp-image-1580\" srcset=\"https:\/\/www.fcweissensee03.de\/V2\/wp-content\/uploads\/2021\/04\/60294345_2303106553302148_6502504168870117376_n.jpg 1024w, https:\/\/www.fcweissensee03.de\/V2\/wp-content\/uploads\/2021\/04\/60294345_2303106553302148_6502504168870117376_n-300x225.jpg 300w, https:\/\/www.fcweissensee03.de\/V2\/wp-content\/uploads\/2021\/04\/60294345_2303106553302148_6502504168870117376_n-768x576.jpg 768w\" sizes=\"(max-width: 1024px) 100vw, 1024px\" \/><\/figure>\n\n\n\n<figure class=\"wp-block-image size-large\"><img loading=\"lazy\" decoding=\"async\" width=\"1024\" height=\"678\" src=\"https:\/\/www.fcweissensee03.de\/V2\/wp-content\/uploads\/2021\/04\/60307600_2303109286635208_955111047713259520_n-1024x678.jpg\" alt=\"\" class=\"wp-image-1581\" srcset=\"https:\/\/www.fcweissensee03.de\/V2\/wp-content\/uploads\/2021\/04\/60307600_2303109286635208_955111047713259520_n-1024x678.jpg 1024w, https:\/\/www.fcweissensee03.de\/V2\/wp-content\/uploads\/2021\/04\/60307600_2303109286635208_955111047713259520_n-300x199.jpg 300w, https:\/\/www.fcweissensee03.de\/V2\/wp-content\/uploads\/2021\/04\/60307600_2303109286635208_955111047713259520_n-768x508.jpg 768w, https:\/\/www.fcweissensee03.de\/V2\/wp-content\/uploads\/2021\/04\/60307600_2303109286635208_955111047713259520_n-1536x1017.jpg 1536w, https:\/\/www.fcweissensee03.de\/V2\/wp-content\/uploads\/2021\/04\/60307600_2303109286635208_955111047713259520_n.jpg 1600w\" sizes=\"(max-width: 1024px) 100vw, 1024px\" \/><\/figure>\n\n\n\n<figure class=\"wp-block-image size-large\"><img loading=\"lazy\" decoding=\"async\" width=\"1024\" height=\"498\" src=\"https:\/\/www.fcweissensee03.de\/V2\/wp-content\/uploads\/2021\/04\/60332908_2303107219968748_2512161585867259904_n-1024x498.jpg\" alt=\"\" class=\"wp-image-1582\" srcset=\"https:\/\/www.fcweissensee03.de\/V2\/wp-content\/uploads\/2021\/04\/60332908_2303107219968748_2512161585867259904_n-1024x498.jpg 1024w, https:\/\/www.fcweissensee03.de\/V2\/wp-content\/uploads\/2021\/04\/60332908_2303107219968748_2512161585867259904_n-300x146.jpg 300w, https:\/\/www.fcweissensee03.de\/V2\/wp-content\/uploads\/2021\/04\/60332908_2303107219968748_2512161585867259904_n-768x373.jpg 768w, https:\/\/www.fcweissensee03.de\/V2\/wp-content\/uploads\/2021\/04\/60332908_2303107219968748_2512161585867259904_n-1536x746.jpg 1536w, https:\/\/www.fcweissensee03.de\/V2\/wp-content\/uploads\/2021\/04\/60332908_2303107219968748_2512161585867259904_n.jpg 1599w\" sizes=\"(max-width: 1024px) 100vw, 1024px\" \/><\/figure>\n\n\n\n<figure class=\"wp-block-image size-large\"><img loading=\"lazy\" decoding=\"async\" width=\"1024\" height=\"498\" src=\"https:\/\/www.fcweissensee03.de\/V2\/wp-content\/uploads\/2021\/04\/60333991_2303107969968673_1032728184858083328_n-1024x498.jpg\" alt=\"\" class=\"wp-image-1583\" srcset=\"https:\/\/www.fcweissensee03.de\/V2\/wp-content\/uploads\/2021\/04\/60333991_2303107969968673_1032728184858083328_n-1024x498.jpg 1024w, https:\/\/www.fcweissensee03.de\/V2\/wp-content\/uploads\/2021\/04\/60333991_2303107969968673_1032728184858083328_n-300x146.jpg 300w, https:\/\/www.fcweissensee03.de\/V2\/wp-content\/uploads\/2021\/04\/60333991_2303107969968673_1032728184858083328_n-768x373.jpg 768w, https:\/\/www.fcweissensee03.de\/V2\/wp-content\/uploads\/2021\/04\/60333991_2303107969968673_1032728184858083328_n-1536x746.jpg 1536w, https:\/\/www.fcweissensee03.de\/V2\/wp-content\/uploads\/2021\/04\/60333991_2303107969968673_1032728184858083328_n.jpg 1599w\" sizes=\"(max-width: 1024px) 100vw, 1024px\" \/><\/figure>\n\n\n\n<figure class=\"wp-block-image size-large\"><img loading=\"lazy\" decoding=\"async\" width=\"1024\" height=\"576\" src=\"https:\/\/www.fcweissensee03.de\/V2\/wp-content\/uploads\/2021\/04\/60341469_2303107513302052_2053152727227170816_n-1024x576.jpg\" alt=\"\" class=\"wp-image-1584\" srcset=\"https:\/\/www.fcweissensee03.de\/V2\/wp-content\/uploads\/2021\/04\/60341469_2303107513302052_2053152727227170816_n-1024x576.jpg 1024w, https:\/\/www.fcweissensee03.de\/V2\/wp-content\/uploads\/2021\/04\/60341469_2303107513302052_2053152727227170816_n-300x169.jpg 300w, https:\/\/www.fcweissensee03.de\/V2\/wp-content\/uploads\/2021\/04\/60341469_2303107513302052_2053152727227170816_n-768x432.jpg 768w, https:\/\/www.fcweissensee03.de\/V2\/wp-content\/uploads\/2021\/04\/60341469_2303107513302052_2053152727227170816_n-1536x864.jpg 1536w, https:\/\/www.fcweissensee03.de\/V2\/wp-content\/uploads\/2021\/04\/60341469_2303107513302052_2053152727227170816_n.jpg 1599w\" sizes=\"(max-width: 1024px) 100vw, 1024px\" \/><\/figure>\n\n\n\n<figure class=\"wp-block-image size-large\"><img loading=\"lazy\" decoding=\"async\" width=\"1024\" height=\"576\" src=\"https:\/\/www.fcweissensee03.de\/V2\/wp-content\/uploads\/2021\/04\/60487476_2303109136635223_823317751442440192_n-1024x576.jpg\" alt=\"\" class=\"wp-image-1585\" srcset=\"https:\/\/www.fcweissensee03.de\/V2\/wp-content\/uploads\/2021\/04\/60487476_2303109136635223_823317751442440192_n-1024x576.jpg 1024w, https:\/\/www.fcweissensee03.de\/V2\/wp-content\/uploads\/2021\/04\/60487476_2303109136635223_823317751442440192_n-300x169.jpg 300w, https:\/\/www.fcweissensee03.de\/V2\/wp-content\/uploads\/2021\/04\/60487476_2303109136635223_823317751442440192_n-768x432.jpg 768w, https:\/\/www.fcweissensee03.de\/V2\/wp-content\/uploads\/2021\/04\/60487476_2303109136635223_823317751442440192_n-1536x864.jpg 1536w, https:\/\/www.fcweissensee03.de\/V2\/wp-content\/uploads\/2021\/04\/60487476_2303109136635223_823317751442440192_n.jpg 1599w\" sizes=\"(max-width: 1024px) 100vw, 1024px\" \/><\/figure>\n\n\n\n<figure class=\"wp-block-image size-large\"><img loading=\"lazy\" decoding=\"async\" width=\"1024\" height=\"576\" src=\"https:\/\/www.fcweissensee03.de\/V2\/wp-content\/uploads\/2021\/04\/60339121_2303108119968658_8759138719866290176_n-1024x576.jpg\" alt=\"\" class=\"wp-image-1586\" srcset=\"https:\/\/www.fcweissensee03.de\/V2\/wp-content\/uploads\/2021\/04\/60339121_2303108119968658_8759138719866290176_n-1024x576.jpg 1024w, https:\/\/www.fcweissensee03.de\/V2\/wp-content\/uploads\/2021\/04\/60339121_2303108119968658_8759138719866290176_n-300x169.jpg 300w, https:\/\/www.fcweissensee03.de\/V2\/wp-content\/uploads\/2021\/04\/60339121_2303108119968658_8759138719866290176_n-768x432.jpg 768w, https:\/\/www.fcweissensee03.de\/V2\/wp-content\/uploads\/2021\/04\/60339121_2303108119968658_8759138719866290176_n-1536x864.jpg 1536w, https:\/\/www.fcweissensee03.de\/V2\/wp-content\/uploads\/2021\/04\/60339121_2303108119968658_8759138719866290176_n.jpg 1599w\" sizes=\"(max-width: 1024px) 100vw, 1024px\" \/><\/figure>\n\n\n\n<figure class=\"wp-block-image size-large\"><img loading=\"lazy\" decoding=\"async\" width=\"498\" height=\"1024\" src=\"https:\/\/www.fcweissensee03.de\/V2\/wp-content\/uploads\/2021\/04\/60146262_2303106799968790_5113649523599605760_n-498x1024.jpg\" alt=\"\" class=\"wp-image-1587\" srcset=\"https:\/\/www.fcweissensee03.de\/V2\/wp-content\/uploads\/2021\/04\/60146262_2303106799968790_5113649523599605760_n-498x1024.jpg 498w, https:\/\/www.fcweissensee03.de\/V2\/wp-content\/uploads\/2021\/04\/60146262_2303106799968790_5113649523599605760_n-146x300.jpg 146w, https:\/\/www.fcweissensee03.de\/V2\/wp-content\/uploads\/2021\/04\/60146262_2303106799968790_5113649523599605760_n-768x1580.jpg 768w, https:\/\/www.fcweissensee03.de\/V2\/wp-content\/uploads\/2021\/04\/60146262_2303106799968790_5113649523599605760_n-746x1536.jpg 746w, https:\/\/www.fcweissensee03.de\/V2\/wp-content\/uploads\/2021\/04\/60146262_2303106799968790_5113649523599605760_n.jpg 777w\" sizes=\"(max-width: 498px) 100vw, 498px\" \/><\/figure>\n\n\n\n<figure class=\"wp-block-image size-large\"><img loading=\"lazy\" decoding=\"async\" width=\"768\" height=\"1024\" src=\"https:\/\/www.fcweissensee03.de\/V2\/wp-content\/uploads\/2021\/04\/60645957_2303106986635438_2495530287086174208_n-768x1024.jpg\" alt=\"\" class=\"wp-image-1588\" srcset=\"https:\/\/www.fcweissensee03.de\/V2\/wp-content\/uploads\/2021\/04\/60645957_2303106986635438_2495530287086174208_n-768x1024.jpg 768w, https:\/\/www.fcweissensee03.de\/V2\/wp-content\/uploads\/2021\/04\/60645957_2303106986635438_2495530287086174208_n-225x300.jpg 225w, https:\/\/www.fcweissensee03.de\/V2\/wp-content\/uploads\/2021\/04\/60645957_2303106986635438_2495530287086174208_n-1152x1536.jpg 1152w, https:\/\/www.fcweissensee03.de\/V2\/wp-content\/uploads\/2021\/04\/60645957_2303106986635438_2495530287086174208_n.jpg 1536w\" sizes=\"(max-width: 768px) 100vw, 768px\" \/><\/figure>\n\n\n\n<figure class=\"wp-block-image size-large\"><img loading=\"lazy\" decoding=\"async\" width=\"1024\" height=\"768\" src=\"https:\/\/www.fcweissensee03.de\/V2\/wp-content\/uploads\/2021\/04\/60404351_2303107396635397_4051687575121821696_n-1024x768.jpg\" alt=\"\" class=\"wp-image-1589\" srcset=\"https:\/\/www.fcweissensee03.de\/V2\/wp-content\/uploads\/2021\/04\/60404351_2303107396635397_4051687575121821696_n-1024x768.jpg 1024w, https:\/\/www.fcweissensee03.de\/V2\/wp-content\/uploads\/2021\/04\/60404351_2303107396635397_4051687575121821696_n-300x225.jpg 300w, https:\/\/www.fcweissensee03.de\/V2\/wp-content\/uploads\/2021\/04\/60404351_2303107396635397_4051687575121821696_n-768x576.jpg 768w, https:\/\/www.fcweissensee03.de\/V2\/wp-content\/uploads\/2021\/04\/60404351_2303107396635397_4051687575121821696_n-1536x1152.jpg 1536w, https:\/\/www.fcweissensee03.de\/V2\/wp-content\/uploads\/2021\/04\/60404351_2303107396635397_4051687575121821696_n.jpg 2048w\" sizes=\"(max-width: 1024px) 100vw, 1024px\" \/><\/figure>\n\n\n\n<figure class=\"wp-block-image size-large\"><img loading=\"lazy\" decoding=\"async\" width=\"1024\" height=\"498\" src=\"https:\/\/www.fcweissensee03.de\/V2\/wp-content\/uploads\/2021\/04\/60348708_2303108823301921_8449966194848432128_n-1024x498.jpg\" alt=\"\" class=\"wp-image-1590\" srcset=\"https:\/\/www.fcweissensee03.de\/V2\/wp-content\/uploads\/2021\/04\/60348708_2303108823301921_8449966194848432128_n-1024x498.jpg 1024w, https:\/\/www.fcweissensee03.de\/V2\/wp-content\/uploads\/2021\/04\/60348708_2303108823301921_8449966194848432128_n-300x146.jpg 300w, https:\/\/www.fcweissensee03.de\/V2\/wp-content\/uploads\/2021\/04\/60348708_2303108823301921_8449966194848432128_n-768x373.jpg 768w, https:\/\/www.fcweissensee03.de\/V2\/wp-content\/uploads\/2021\/04\/60348708_2303108823301921_8449966194848432128_n-1536x746.jpg 1536w, https:\/\/www.fcweissensee03.de\/V2\/wp-content\/uploads\/2021\/04\/60348708_2303108823301921_8449966194848432128_n.jpg 1599w\" sizes=\"(max-width: 1024px) 100vw, 1024px\" \/><\/figure>\n\n\n\n<figure class=\"wp-block-image size-large\"><img loading=\"lazy\" decoding=\"async\" width=\"1024\" height=\"678\" src=\"https:\/\/www.fcweissensee03.de\/V2\/wp-content\/uploads\/2021\/04\/60199818_2303109503301853_2832136370246385664_n-1024x678.jpg\" alt=\"\" class=\"wp-image-1591\" srcset=\"https:\/\/www.fcweissensee03.de\/V2\/wp-content\/uploads\/2021\/04\/60199818_2303109503301853_2832136370246385664_n-1024x678.jpg 1024w, https:\/\/www.fcweissensee03.de\/V2\/wp-content\/uploads\/2021\/04\/60199818_2303109503301853_2832136370246385664_n-300x199.jpg 300w, https:\/\/www.fcweissensee03.de\/V2\/wp-content\/uploads\/2021\/04\/60199818_2303109503301853_2832136370246385664_n-768x508.jpg 768w, https:\/\/www.fcweissensee03.de\/V2\/wp-content\/uploads\/2021\/04\/60199818_2303109503301853_2832136370246385664_n-1536x1017.jpg 1536w, https:\/\/www.fcweissensee03.de\/V2\/wp-content\/uploads\/2021\/04\/60199818_2303109503301853_2832136370246385664_n.jpg 1600w\" sizes=\"(max-width: 1024px) 100vw, 1024px\" \/><\/figure>\n","protected":false},"excerpt":{"rendered":"<p>Nach monatelanger Vorbereitung f\u00fchrten die F-Junioren des FC Wei\u00dfensee 03 ihr erstes Trainingslager durch. Das Wochenende vom 10.05.2019 bis 12.05.2019 stand ganz im Zeichen des Fu\u00dfballs. Am Freitagnachmittag wurden 16 Kinder gut ausger\u00fcstet von Ihren Eltern den Trainern \u00fcbergeben. Nach einer 90-min\u00fctigen Trainingseinheit begaben wir uns zu unserer Unterkunft, der Bildungs- und Begegnungsst\u00e4tte 3B-Wei\u00dfensee. Nach [&hellip;]<\/p>\n","protected":false},"author":5,"featured_media":0,"comment_status":"open","ping_status":"open","sticky":false,"template":"","format":"standard","meta":{"saved_in_kubio":false,"footnotes":""},"categories":[13,72],"tags":[],"class_list":["post-1579","post","type-post","status-publish","format-standard","hentry","category-f-jugend","category-jugend"],"_links":{"self":[{"href":"https:\/\/www.fcweissensee03.de\/V2\/wp-json\/wp\/v2\/posts\/1579","targetHints":{"allow":["GET"]}}],"collection":[{"href":"https:\/\/www.fcweissensee03.de\/V2\/wp-json\/wp\/v2\/posts"}],"about":[{"href":"https:\/\/www.fcweissensee03.de\/V2\/wp-json\/wp\/v2\/types\/post"}],"author":[{"embeddable":true,"href":"https:\/\/www.fcweissensee03.de\/V2\/wp-json\/wp\/v2\/users\/5"}],"replies":[{"embeddable":true,"href":"https:\/\/www.fcweissensee03.de\/V2\/wp-json\/wp\/v2\/comments?post=1579"}],"version-history":[{"count":0,"href":"https:\/\/www.fcweissensee03.de\/V2\/wp-json\/wp\/v2\/posts\/1579\/revisions"}],"wp:attachment":[{"href":"https:\/\/www.fcweissensee03.de\/V2\/wp-json\/wp\/v2\/media?parent=1579"}],"wp:term":[{"taxonomy":"category","embeddable":true,"href":"https:\/\/www.fcweissensee03.de\/V2\/wp-json\/wp\/v2\/categories?post=1579"},{"taxonomy":"post_tag","embeddable":true,"href":"https:\/\/www.fcweissensee03.de\/V2\/wp-json\/wp\/v2\/tags?post=1579"}],"curies":[{"name":"wp","href":"https:\/\/api.w.org\/{rel}","templated":true}]}}