{"id":1128,"date":"2020-07-23T17:19:38","date_gmt":"2020-07-23T15:19:38","guid":{"rendered":"https:\/\/www.fcweissensee03.de\/V2\/?p=1128"},"modified":"2025-01-17T14:25:44","modified_gmt":"2025-01-17T13:25:44","slug":"trainingsauftakt","status":"publish","type":"post","link":"https:\/\/www.fcweissensee03.de\/V2\/2020\/07\/23\/trainingsauftakt\/","title":{"rendered":"Trainingsauftakt"},"content":{"rendered":"\n<p> <\/p>\n\n\n\n<p>P\u00fcnktlich 19 Uhr  am gestrigen Mittwoch startete die 1. Mannschaft in die Saisonvorbereitung. Trainer David Polster freute sich 14 Spieler, trotzt Sommerferien, begr\u00fc\u00dfen zu d\u00fcrfen. <br><\/p>\n\n\n\n<p>Dar\u00fcber hinaus freuen wir uns \u00fcber jeden,  der den Weg zu uns findet. Wenn ihr also Spa\u00df und Freude am Fussball habt, dann sucht den Kontakt mit uns. <\/p>\n","protected":false},"excerpt":{"rendered":"<p>P\u00fcnktlich 19 Uhr am gestrigen Mittwoch startete die 1. Mannschaft in die Saisonvorbereitung. Trainer David Polster freute sich 14 Spieler, trotzt Sommerferien, begr\u00fc\u00dfen zu d\u00fcrfen. Dar\u00fcber hinaus freuen wir uns \u00fcber jeden, der den Weg zu uns findet. Wenn ihr also Spa\u00df und Freude am Fussball habt, dann sucht den Kontakt mit uns.<\/p>\n","protected":false},"author":5,"featured_media":0,"comment_status":"open","ping_status":"open","sticky":false,"template":"","format":"standard","meta":{"saved_in_kubio":false,"footnotes":""},"categories":[14,75],"tags":[],"class_list":["post-1128","post","type-post","status-publish","format-standard","hentry","category-herren","category-teams"],"_links":{"self":[{"href":"https:\/\/www.fcweissensee03.de\/V2\/wp-json\/wp\/v2\/posts\/1128","targetHints":{"allow":["GET"]}}],"collection":[{"href":"https:\/\/www.fcweissensee03.de\/V2\/wp-json\/wp\/v2\/posts"}],"about":[{"href":"https:\/\/www.fcweissensee03.de\/V2\/wp-json\/wp\/v2\/types\/post"}],"author":[{"embeddable":true,"href":"https:\/\/www.fcweissensee03.de\/V2\/wp-json\/wp\/v2\/users\/5"}],"replies":[{"embeddable":true,"href":"https:\/\/www.fcweissensee03.de\/V2\/wp-json\/wp\/v2\/comments?post=1128"}],"version-history":[{"count":0,"href":"https:\/\/www.fcweissensee03.de\/V2\/wp-json\/wp\/v2\/posts\/1128\/revisions"}],"wp:attachment":[{"href":"https:\/\/www.fcweissensee03.de\/V2\/wp-json\/wp\/v2\/media?parent=1128"}],"wp:term":[{"taxonomy":"category","embeddable":true,"href":"https:\/\/www.fcweissensee03.de\/V2\/wp-json\/wp\/v2\/categories?post=1128"},{"taxonomy":"post_tag","embeddable":true,"href":"https:\/\/www.fcweissensee03.de\/V2\/wp-json\/wp\/v2\/tags?post=1128"}],"curies":[{"name":"wp","href":"https:\/\/api.w.org\/{rel}","templated":true}]}}