{"id":1073,"date":"2020-04-08T10:30:39","date_gmt":"2020-04-08T08:30:39","guid":{"rendered":"https:\/\/www.fcweissensee03.de\/V2\/?p=1073"},"modified":"2025-01-13T09:49:49","modified_gmt":"2025-01-13T08:49:49","slug":"zu-hause-ist-es-doch-am-schoensten","status":"publish","type":"post","link":"https:\/\/www.fcweissensee03.de\/V2\/2020\/04\/08\/zu-hause-ist-es-doch-am-schoensten\/","title":{"rendered":"Zu Hause ist es doch am Sch\u00f6nsten\u2026"},"content":{"rendered":"\n<p>   verfasst von Jan Rohrig,                                                                                                                                   Zur neuen Saison 2019\/2020 verloren wir Max Fritsch aus dem Jahrgang 2007 nach S\u00f6mmerda. Die sportliche Perspektive war f\u00fcr ihn einfach zu reizvoll, immerhin lockte dort die Aussicht auf Spiele in der Verbandsliga. Er folgte damit dem breit ausgetretenen Pfad, den zuvor andere Kinder seiner ehemaligen Mannschaft in Richtung S\u00f6mmerda angelegt hatten.<\/p>\n\n\n\n<figure class=\"wp-block-image is-resized\"><img loading=\"lazy\" decoding=\"async\" src=\"https:\/\/www.fcweissensee03.de\/V2\/wp-content\/uploads\/2020\/04\/22036BB7-E764-4653-AF61-D20C225759F1_1_201_a-769x1024.jpeg\" alt=\"\" class=\"wp-image-1079\" width=\"145\" height=\"193\" srcset=\"https:\/\/www.fcweissensee03.de\/V2\/wp-content\/uploads\/2020\/04\/22036BB7-E764-4653-AF61-D20C225759F1_1_201_a-769x1024.jpeg 769w, https:\/\/www.fcweissensee03.de\/V2\/wp-content\/uploads\/2020\/04\/22036BB7-E764-4653-AF61-D20C225759F1_1_201_a-225x300.jpeg 225w, https:\/\/www.fcweissensee03.de\/V2\/wp-content\/uploads\/2020\/04\/22036BB7-E764-4653-AF61-D20C225759F1_1_201_a-768x1023.jpeg 768w, https:\/\/www.fcweissensee03.de\/V2\/wp-content\/uploads\/2020\/04\/22036BB7-E764-4653-AF61-D20C225759F1_1_201_a.jpeg 1201w\" sizes=\"(max-width: 145px) 100vw, 145px\" \/><\/figure>\n\n\n\n<p>Umso erfreulicher war es f\u00fcr uns, dass Max zur Winterpause an uns herantrat und fragte, ob er wieder nach Wei\u00dfensee zur\u00fcckwechseln kann. Selbstverst\u00e4ndlich entsprachen wir diesem Wunsch und begr\u00fc\u00dfen ihn hiermit recht herzlich wieder zur\u00fcck beim FC Wei\u00dfensee 03. Manchmal ist ein famili\u00e4res Umfeld, respektvoller Umgang miteinander, Freunde um sich herum, ausreichend Spielpraxis und eine gewisse Konstanz auf der Trainerposition mehr wert als die Aussicht auf h\u00f6herklassigen Fu\u00dfball.Max\u2026, wir freuen uns auf dich und willkommen zu Hause.<\/p>\n\n\n\n<p><br><\/p>\n","protected":false},"excerpt":{"rendered":"<p>verfasst von Jan Rohrig, Zur neuen Saison 2019\/2020 verloren wir Max Fritsch aus dem Jahrgang 2007 nach S\u00f6mmerda. Die sportliche Perspektive war f\u00fcr ihn einfach zu reizvoll, immerhin lockte dort die Aussicht auf Spiele in der Verbandsliga. Er folgte damit dem breit ausgetretenen Pfad, den zuvor andere Kinder seiner ehemaligen Mannschaft in Richtung S\u00f6mmerda angelegt [&hellip;]<\/p>\n","protected":false},"author":10,"featured_media":0,"comment_status":"open","ping_status":"open","sticky":false,"template":"","format":"standard","meta":{"saved_in_kubio":false,"footnotes":""},"categories":[72],"tags":[],"class_list":["post-1073","post","type-post","status-publish","format-standard","hentry","category-jugend"],"_links":{"self":[{"href":"https:\/\/www.fcweissensee03.de\/V2\/wp-json\/wp\/v2\/posts\/1073","targetHints":{"allow":["GET"]}}],"collection":[{"href":"https:\/\/www.fcweissensee03.de\/V2\/wp-json\/wp\/v2\/posts"}],"about":[{"href":"https:\/\/www.fcweissensee03.de\/V2\/wp-json\/wp\/v2\/types\/post"}],"author":[{"embeddable":true,"href":"https:\/\/www.fcweissensee03.de\/V2\/wp-json\/wp\/v2\/users\/10"}],"replies":[{"embeddable":true,"href":"https:\/\/www.fcweissensee03.de\/V2\/wp-json\/wp\/v2\/comments?post=1073"}],"version-history":[{"count":0,"href":"https:\/\/www.fcweissensee03.de\/V2\/wp-json\/wp\/v2\/posts\/1073\/revisions"}],"wp:attachment":[{"href":"https:\/\/www.fcweissensee03.de\/V2\/wp-json\/wp\/v2\/media?parent=1073"}],"wp:term":[{"taxonomy":"category","embeddable":true,"href":"https:\/\/www.fcweissensee03.de\/V2\/wp-json\/wp\/v2\/categories?post=1073"},{"taxonomy":"post_tag","embeddable":true,"href":"https:\/\/www.fcweissensee03.de\/V2\/wp-json\/wp\/v2\/tags?post=1073"}],"curies":[{"name":"wp","href":"https:\/\/api.w.org\/{rel}","templated":true}]}}