{"id":1071,"date":"2020-03-16T14:04:21","date_gmt":"2020-03-16T13:04:21","guid":{"rendered":"https:\/\/www.fcweissensee03.de\/V2\/?p=1071"},"modified":"2025-01-13T09:47:33","modified_gmt":"2025-01-13T08:47:33","slug":"schliessung-turnhallen","status":"publish","type":"post","link":"https:\/\/www.fcweissensee03.de\/V2\/2020\/03\/16\/schliessung-turnhallen\/","title":{"rendered":"Schlie\u00dfung Turnhallen"},"content":{"rendered":"\n<p>Liebe Sportfreundinnen und Sportfreunde,&nbsp;<\/p>\n\n\n\n<p>hier der Text, den ich vom Landratsamt S\u00f6mmerda zur Weiterleitung an die Vereine erhalten habe. Um die Ausbreitung des Coronavirus im Landkreis S\u00f6mmerda zu verlangsamen, trifft das Landratsamt S\u00f6mmerda entsprechende Vorkehrungen.\u00a0<strong>Aus diesem Grund bleiben alle Turnhallen ab 17.03.2020 auf unbestimmte Zeit geschlossen.\u00a0<\/strong>                                      Wir bitten um Ihr Verst\u00e4ndnis.<\/p>\n\n\n\n<p>Landratsamt S\u00f6mmerda&nbsp;<br>Steinh\u00e4user, Andreas&nbsp;<br>Sachbearbeiter Amt f\u00fcr Schulen und Sport&nbsp;<br>Bahnhofstra\u00dfe 9<br>99610 S\u00f6mmerda<\/p>\n\n\n\n<p><\/p>\n\n\n\n<p><\/p>\n","protected":false},"excerpt":{"rendered":"<p>Liebe Sportfreundinnen und Sportfreunde,&nbsp; hier der Text, den ich vom Landratsamt S\u00f6mmerda zur Weiterleitung an die Vereine erhalten habe. Um die Ausbreitung des Coronavirus im Landkreis S\u00f6mmerda zu verlangsamen, trifft das Landratsamt S\u00f6mmerda entsprechende Vorkehrungen.\u00a0Aus diesem Grund bleiben alle Turnhallen ab 17.03.2020 auf unbestimmte Zeit geschlossen.\u00a0 Wir bitten um Ihr Verst\u00e4ndnis. Landratsamt S\u00f6mmerda&nbsp;Steinh\u00e4user, Andreas&nbsp;Sachbearbeiter Amt [&hellip;]<\/p>\n","protected":false},"author":10,"featured_media":0,"comment_status":"open","ping_status":"open","sticky":false,"template":"","format":"standard","meta":{"saved_in_kubio":false,"footnotes":""},"categories":[12],"tags":[40],"class_list":["post-1071","post","type-post","status-publish","format-standard","hentry","category-verein","tag-allgemeines"],"_links":{"self":[{"href":"https:\/\/www.fcweissensee03.de\/V2\/wp-json\/wp\/v2\/posts\/1071","targetHints":{"allow":["GET"]}}],"collection":[{"href":"https:\/\/www.fcweissensee03.de\/V2\/wp-json\/wp\/v2\/posts"}],"about":[{"href":"https:\/\/www.fcweissensee03.de\/V2\/wp-json\/wp\/v2\/types\/post"}],"author":[{"embeddable":true,"href":"https:\/\/www.fcweissensee03.de\/V2\/wp-json\/wp\/v2\/users\/10"}],"replies":[{"embeddable":true,"href":"https:\/\/www.fcweissensee03.de\/V2\/wp-json\/wp\/v2\/comments?post=1071"}],"version-history":[{"count":0,"href":"https:\/\/www.fcweissensee03.de\/V2\/wp-json\/wp\/v2\/posts\/1071\/revisions"}],"wp:attachment":[{"href":"https:\/\/www.fcweissensee03.de\/V2\/wp-json\/wp\/v2\/media?parent=1071"}],"wp:term":[{"taxonomy":"category","embeddable":true,"href":"https:\/\/www.fcweissensee03.de\/V2\/wp-json\/wp\/v2\/categories?post=1071"},{"taxonomy":"post_tag","embeddable":true,"href":"https:\/\/www.fcweissensee03.de\/V2\/wp-json\/wp\/v2\/tags?post=1071"}],"curies":[{"name":"wp","href":"https:\/\/api.w.org\/{rel}","templated":true}]}}